{"id":3502,"date":"2010-10-15T10:02:51","date_gmt":"2010-10-15T09:02:51","guid":{"rendered":"http:\/\/www.willizblog.de\/?p=3502"},"modified":"2010-10-15T08:04:58","modified_gmt":"2010-10-15T07:04:58","slug":"symbolische-aktion-werder-friert-gehalter-der-spieler-ein","status":"publish","type":"post","link":"https:\/\/willizblog.de\/?p=3502","title":{"rendered":"Symbolische Aktion: Werder friert Geh\u00e4lter der Spieler ein"},"content":{"rendered":"<p>So etwas hat es bisher nicht gegeben: Die Gesch\u00e4ftsf\u00fchrung des Bundesliga-Fu\u00dfballvereins SV Werder Bremen soll <a href=\"http:\/\/fussball.zdf.de\/ZDFsport\/inhalt\/7\/0,5676,8120583,00.html\" target=\"_blank\">Teile des Septembergehalts seiner Spieler<\/a> nicht ausgezahlt, sondern vorl\u00e4ufig eingefroren haben. Grund: Die schlechte Leistung der Spieler. Klaus Allofs, Werders Sportdirektor: &#8222;Zu schlecht, um wahr zu sein&#8220; <\/p>\n<p><a href=\"http:\/\/www.weser-kurier.de\/Artikel\/Werder\/News\/246550\/Werder+zahlt+eingefrorene+Gehaelter+nach.html\" target=\"_blank\">Diese Aktion<\/a> schl\u00e4gt nat\u00fcrlich hohe Wellen. Sicherlich k\u00f6nnten Spieler versuchen, ihre vertraglich zugesichertes Geh\u00e4lter vor Gericht einzuklagen. Au\u00dferdem droht ein Imageverlust f\u00fcr den Verein, der sich gerne als gro\u00dfe gr\u00fcn-wei\u00dfe Familie darstellt. Oder muss Werder wom\u00f6glich Geld sparen?<\/p>\n<p>Aber es gibt nicht nur Kritik. In vielen Online-Beitr\u00e4gen kommen die Gehaltsk\u00fcrzungen gut weg; entt\u00e4uschte Anh\u00e4nger bef\u00fcrworten die Ma\u00dfnahme. Hier und da wird sogar &#8211; halb im Spa\u00df, halb im Ernst &#8211; die Frage gestellt, ob der Trainer von dem Vorgehen ebenfalls betroffen sei.<\/p>\n<p>Der <a href=\"http:\/\/fussball.zdf.de\/ZDFsport\/inhalt\/14\/0,5676,8120654,00.html\" target=\"_blank\">Sportpsychologe Bernd Strau\u00df<\/a> h\u00e4lt die Ma\u00dfnahme keinesfalls f\u00fcr abwegig. &#8222;Das ist sicher eine ungew\u00f6hnliche Aktion, aber gerade solche eignen sich, um wirklich aufzur\u00fctteln&#8220;, sagt der Professor der Uni M\u00fcnster und ehemalige Pr\u00e4sident der Deutschen Vereinigung f\u00fcr Sportwissenschaft. &#8222;Das kann eine gute Ma\u00dfnahme sein.&#8220;<\/p>\n<p>Er sagt weiter: &#8222;ich finde es positiv, dass hier nicht einzelne Spieler oder der Trainer als S\u00fcndenb\u00f6cke herausgepickt werden. Hier geht es um die Symbolik. Es wurde ein ganz klares Zeichen an die Mannschaft gesetzt: Es ist ernst, und ihr als Spieler seid gefordert, Verantwortung zu \u00fcbernehmen. Nat\u00fcrlich ist das nicht ohne Risiko, aber das kann positive Gruppenprozesse in Gang setzen.&#8220;<\/p>\n<p>Ich schlie\u00dfe mich dem voll und ganz an. Diese au\u00dfergew\u00f6hnliche Aktion hat Symbolcharakter. Die Geh\u00e4lter werden mit Sicherheit nachgezahlt. Eine gerichtliche Auseinandersetzung ist nicht von N\u00f6ten. Schlimmer h\u00e4tte es die Spieler getroffen, wenn sie zu einer Geldstrafe verdonnert worden w\u00e4ren. Weil die Aktion so neu ist, ist die Aussicht, dass sie fruchtet, ziemlich gro\u00df. Sportpsychologe Bernd Strau\u00df: \u201eEs wurde ein ganz klares Zeichen an die Mannschaft gesetzt: Es ist ernst, und ihr als Spieler seid gefordert, Verantwortung zu \u00fcbernehmen. Nat\u00fcrlich ist das nicht ohne Risiko, aber das kann positive Gruppenprozesse in Gang setzen.\u201c<\/p>\n<p>Hoffen wir, dass die Aktion fruchtet &#8230;!<\/p>\n","protected":false},"excerpt":{"rendered":"<p>So etwas hat es bisher nicht gegeben: Die Gesch\u00e4ftsf\u00fchrung des Bundesliga-Fu\u00dfballvereins SV Werder Bremen soll Teile des Septembergehalts seiner Spieler nicht ausgezahlt, sondern vorl\u00e4ufig eingefroren haben. Grund: Die schlechte Leistung der Spieler. Klaus Allofs, Werders Sportdirektor: &#8222;Zu schlecht, um wahr zu sein&#8220; Diese Aktion schl\u00e4gt nat\u00fcrlich hohe Wellen. Sicherlich k\u00f6nnten Spieler versuchen, ihre vertraglich zugesichertes &hellip; <a href=\"https:\/\/willizblog.de\/?p=3502\" class=\"more-link\"><span class=\"screen-reader-text\">Symbolische Aktion: Werder friert Geh\u00e4lter der Spieler ein<\/span> weiterlesen <span class=\"meta-nav\">&rarr;<\/span><\/a><\/p>\n","protected":false},"author":1,"featured_media":0,"comment_status":"open","ping_status":"open","sticky":false,"template":"","format":"standard","meta":[],"categories":[27],"tags":[],"_links":{"self":[{"href":"https:\/\/willizblog.de\/index.php?rest_route=\/wp\/v2\/posts\/3502"}],"collection":[{"href":"https:\/\/willizblog.de\/index.php?rest_route=\/wp\/v2\/posts"}],"about":[{"href":"https:\/\/willizblog.de\/index.php?rest_route=\/wp\/v2\/types\/post"}],"author":[{"embeddable":true,"href":"https:\/\/willizblog.de\/index.php?rest_route=\/wp\/v2\/users\/1"}],"replies":[{"embeddable":true,"href":"https:\/\/willizblog.de\/index.php?rest_route=%2Fwp%2Fv2%2Fcomments&post=3502"}],"version-history":[{"count":0,"href":"https:\/\/willizblog.de\/index.php?rest_route=\/wp\/v2\/posts\/3502\/revisions"}],"wp:attachment":[{"href":"https:\/\/willizblog.de\/index.php?rest_route=%2Fwp%2Fv2%2Fmedia&parent=3502"}],"wp:term":[{"taxonomy":"category","embeddable":true,"href":"https:\/\/willizblog.de\/index.php?rest_route=%2Fwp%2Fv2%2Fcategories&post=3502"},{"taxonomy":"post_tag","embeddable":true,"href":"https:\/\/willizblog.de\/index.php?rest_route=%2Fwp%2Fv2%2Ftags&post=3502"}],"curies":[{"name":"wp","href":"https:\/\/api.w.org\/{rel}","templated":true}]}}