{"id":3508,"date":"2010-10-17T18:04:18","date_gmt":"2010-10-17T17:04:18","guid":{"rendered":"http:\/\/www.willizblog.de\/?p=3508"},"modified":"2010-10-17T18:04:18","modified_gmt":"2010-10-17T17:04:18","slug":"blumenpracht-teil-28","status":"publish","type":"post","link":"https:\/\/willizblog.de\/?p=3508","title":{"rendered":"Blumenpracht Teil 28"},"content":{"rendered":"<p><img src=\"https:\/\/www.willizblog.de\/blogpicts\/herbstblume2010.jpg\" alt=\"Herbstliche Blumenpracht\" \/><\/p>\n<p><em>Schon riecht es scharf nach angewelkten Bl\u00e4ttern<br \/>\nKornfelder stehen leer und ohne Blick;<br \/>\nWir wissen: eines von den n\u00e4chsten Wettern<br \/>\nBricht unserm m\u00fcden Sommer das Genick.<\/em><\/p>\n<p>aus: Verfr\u00fchter Herbst von <a href=\"https:\/\/de.wikipedia.org\/wiki\/Hermann_Hesse\" target=\"_blank\">Hermann Hesse<\/a><\/p>\n","protected":false},"excerpt":{"rendered":"<p>Schon riecht es scharf nach angewelkten Bl\u00e4ttern Kornfelder stehen leer und ohne Blick; Wir wissen: eines von den n\u00e4chsten Wettern Bricht unserm m\u00fcden Sommer das Genick. aus: Verfr\u00fchter Herbst von Hermann Hesse<\/p>\n","protected":false},"author":1,"featured_media":0,"comment_status":"open","ping_status":"open","sticky":false,"template":"","format":"standard","meta":[],"categories":[16,14],"tags":[],"_links":{"self":[{"href":"https:\/\/willizblog.de\/index.php?rest_route=\/wp\/v2\/posts\/3508"}],"collection":[{"href":"https:\/\/willizblog.de\/index.php?rest_route=\/wp\/v2\/posts"}],"about":[{"href":"https:\/\/willizblog.de\/index.php?rest_route=\/wp\/v2\/types\/post"}],"author":[{"embeddable":true,"href":"https:\/\/willizblog.de\/index.php?rest_route=\/wp\/v2\/users\/1"}],"replies":[{"embeddable":true,"href":"https:\/\/willizblog.de\/index.php?rest_route=%2Fwp%2Fv2%2Fcomments&post=3508"}],"version-history":[{"count":0,"href":"https:\/\/willizblog.de\/index.php?rest_route=\/wp\/v2\/posts\/3508\/revisions"}],"wp:attachment":[{"href":"https:\/\/willizblog.de\/index.php?rest_route=%2Fwp%2Fv2%2Fmedia&parent=3508"}],"wp:term":[{"taxonomy":"category","embeddable":true,"href":"https:\/\/willizblog.de\/index.php?rest_route=%2Fwp%2Fv2%2Fcategories&post=3508"},{"taxonomy":"post_tag","embeddable":true,"href":"https:\/\/willizblog.de\/index.php?rest_route=%2Fwp%2Fv2%2Ftags&post=3508"}],"curies":[{"name":"wp","href":"https:\/\/api.w.org\/{rel}","templated":true}]}}