{"id":3515,"date":"2010-10-19T15:59:45","date_gmt":"2010-10-19T14:59:45","guid":{"rendered":"http:\/\/www.willizblog.de\/?p=3515"},"modified":"2010-10-19T15:59:45","modified_gmt":"2010-10-19T14:59:45","slug":"multikulturelle-gesellschaft-und-leitkultur","status":"publish","type":"post","link":"https:\/\/willizblog.de\/?p=3515","title":{"rendered":"Multikulturelle Gesellschaft und Leitkultur"},"content":{"rendered":"<p>Ist es Dummheit oder Ignoranz \u2013 oder allein politisches Kalk\u00fcl, die multikulturelle Gesellschaft f\u00fcr gescheitert zu erkl\u00e4ren? Was da <a href=\"http:\/\/www.heute.de\/ZDFheute\/inhalt\/16\/0,3672,8120880,00.html\" target=\"_blank\">CSU-Chef Seehofer und CDU-Chefin Merkel<\/a> von sich geben, ist an Ignoranz UND Dummheit nicht mehr zu \u00fcberbieten.<\/p>\n<p>Wir leben in einer multikulturellen Gesellschaft und haben das immer getan. Es sind immer Menschen nach Deutschland eingewandert, so wie Deutsche ins Ausland ausgewandert sind. Das ist ein Prozess, der nicht erst seit einigen Jahrzehnten besteht. Und zusammen mit diesen Menschen aus anderen Nationen entfaltete sich auch eine kulturell vielf\u00e4ltige Gesellschaft. Wohin eine \u201aMonokultur\u2019 f\u00fchrt, sehen wir in der Landwirtschaft \u2013 sie f\u00fchrt zur Ver\u00f6dung der \u201aLandschaft\u2019!<\/p>\n<p>Wenn Menschen aus anderen Nationen und auch anderen Kulturkreisen zu uns kommen, so sollten wir das als Bereicherung sehen und die Angst vor \u201a\u00dcberfremdung\u2019 ablegen. Wohin diese Angst f\u00fchrt, belegt die deutsche Geschichte leider zur Gen\u00fcge.<\/p>\n<p>Das Gerede um eine europ\u00e4ische, gar deutsche <a href=\"https:\/\/de.wikipedia.org\/wiki\/Leitkultur\" target=\"_blank\">Leitkultur<\/a> ist genauso t\u00f6richt. Kommt sie zur Sprache, so ist sie auf jeden Fall nicht so eng zu fassen, wie es konservative Politiker gern tun. Wie sollte diese auch definiert sein: christlich und abendl\u00e4ndisch oder basierend auf westlichen Wertvorstellungen?<\/p>\n<p>\u201eDie Werte f\u00fcr die erw\u00fcnschte Leitkultur m\u00fcssen der kulturellen Moderne entspringen, und sie hei\u00dfen: Demokratie, Laizismus, Aufkl\u00e4rung, Menschenrechte und Zivilgesellschaft.\u201d (<a href=\"https:\/\/de.wikipedia.org\/wiki\/Bassam_Tibi\" target=\"_blank\">Bassam Tibi<\/a>) und sind unabh\u00e4ngig von unterschiedlichen Muttersprachen, verschiedenen Traditionen und Religionen. Wenn von einer Leitkultur gesprochen wird, so sollte sie nicht mit der Forderung nach einer Integration von Einwanderern verkn\u00fcpft sein. Beides hat nichts unmittelbar miteinander zu tun. Daher ist die aktuelle Debatte um Zuwanderung und der Verweis auf eine Leitkultur sch\u00e4dlich und verantwortungslos.<\/p>\n<p>\u00dcberhaupt <a href=\"https:\/\/de.wikipedia.org\/wiki\/Integration_%28Soziologie%29\" target=\"_blank\">Integration<\/a>?! Sicherlich macht es Sinn, die Sprache eines Landes zu beherrschen, wenn man in diesem auf Dauer verweilt. Wenn ich in ein bestimmtes Land auswandere, so tue ich das auch, weil ich die Lebensweise der Menschen dort akzeptiert habe. Je l\u00e4nger ich bleibe, um so mehr werde ich mich um Integration bem\u00fchen. Damit muss und werde ich aber nicht meine Herkunft zu leugnen trachten. Wenn ich Kinder habe, so werde ich sie m\u00f6glichst zweisprachig aufwachsen lassen. Traditionen aus meinem Mutterland werde ich genauso pflegen wie ich vielleicht die eine oder andere Traditionen des neuen Landes \u00fcbernehme. Ich werde also bis zu meinem Lebensende auch mit meiner Herkunft verbunden bleiben \u2013 und meine Kinder in einem sicherlich verkleinerten Rahmen auch. Umgekehrt ist es denkbar, dass ich meine alten Traditionen mit meinen neuen Freunden pflege, die so auch deutsche Gepflogenheiten kennen und vielleicht lieben lernen werden. Vielleicht w\u00e4re <a href=\"https:\/\/de.wikipedia.org\/wiki\/Assimilation_%28Soziologie%29\" target=\"_blank\">Assimilation<\/a> das richtige Wort.<\/p>\n<p>Integration ist ein Prozess, der auf Gegenseitigkeit beruht. Integration beschreibt einen dynamischen, lange andauernden und sehr differenzierten Prozess des Zusammenf\u00fcgens und Zusammenwachsens.<\/p>\n<p>Nun Europa ist in der Krise \u2013 es droht ein beispielloser Identit\u00e4tsverlust, der es den europ\u00e4ischen Regierungen immer schwerer macht, ihre wahren Interessen zu erkennen. Da wird schnell nach Schuldigen gesucht \u2013 und gefunden. Sicherlich ist der islamische Fundamentalismus eine Gefahr, da er seinen universellen Anspruch auf Weltherrschaft nicht aufgegeben hat. Aber sind es nicht auch die europ\u00e4ischen Nationen samt den USA, die ihre Wertvorstellungen in jedes andere Land \u2013 ohne R\u00fccksicht auf nationale Gegebenheiten \u2013 exportieren wollen?<\/p>\n<p>Und: Geh\u00f6rt nicht auch der Kapitalismus zur europ\u00e4ischen  Leitkultur? Ist nicht er mit seiner z\u00fcgellosen Raffgier der Verursacher globaler Krisen und damit auch der weiterhin bestehenden Krisen bei uns?<\/p>\n<p>Der jetzigen Regierungskoalition laufen scharenweise die W\u00e4hler weg. Da beruft man sich gern auf Grundwerte, die die anderen angeblich nicht vorweisen. Aber was ist das anderes als purer Populismus, als W\u00e4hlerfang nach der Methode des Rattenf\u00e4ngers von Hameln. Noch drei Jahre will diese Regierung weiterwerkeln? Das kommt f\u00fcr mich einer Zumutung gleich.<\/p>\n","protected":false},"excerpt":{"rendered":"<p>Ist es Dummheit oder Ignoranz \u2013 oder allein politisches Kalk\u00fcl, die multikulturelle Gesellschaft f\u00fcr gescheitert zu erkl\u00e4ren? Was da CSU-Chef Seehofer und CDU-Chefin Merkel von sich geben, ist an Ignoranz UND Dummheit nicht mehr zu \u00fcberbieten. Wir leben in einer multikulturellen Gesellschaft und haben das immer getan. Es sind immer Menschen nach Deutschland eingewandert, so &hellip; <a href=\"https:\/\/willizblog.de\/?p=3515\" class=\"more-link\"><span class=\"screen-reader-text\">Multikulturelle Gesellschaft und Leitkultur<\/span> weiterlesen <span class=\"meta-nav\">&rarr;<\/span><\/a><\/p>\n","protected":false},"author":1,"featured_media":0,"comment_status":"open","ping_status":"open","sticky":false,"template":"","format":"standard","meta":[],"categories":[12,2],"tags":[],"_links":{"self":[{"href":"https:\/\/willizblog.de\/index.php?rest_route=\/wp\/v2\/posts\/3515"}],"collection":[{"href":"https:\/\/willizblog.de\/index.php?rest_route=\/wp\/v2\/posts"}],"about":[{"href":"https:\/\/willizblog.de\/index.php?rest_route=\/wp\/v2\/types\/post"}],"author":[{"embeddable":true,"href":"https:\/\/willizblog.de\/index.php?rest_route=\/wp\/v2\/users\/1"}],"replies":[{"embeddable":true,"href":"https:\/\/willizblog.de\/index.php?rest_route=%2Fwp%2Fv2%2Fcomments&post=3515"}],"version-history":[{"count":0,"href":"https:\/\/willizblog.de\/index.php?rest_route=\/wp\/v2\/posts\/3515\/revisions"}],"wp:attachment":[{"href":"https:\/\/willizblog.de\/index.php?rest_route=%2Fwp%2Fv2%2Fmedia&parent=3515"}],"wp:term":[{"taxonomy":"category","embeddable":true,"href":"https:\/\/willizblog.de\/index.php?rest_route=%2Fwp%2Fv2%2Fcategories&post=3515"},{"taxonomy":"post_tag","embeddable":true,"href":"https:\/\/willizblog.de\/index.php?rest_route=%2Fwp%2Fv2%2Ftags&post=3515"}],"curies":[{"name":"wp","href":"https:\/\/api.w.org\/{rel}","templated":true}]}}