{"id":3518,"date":"2010-10-20T18:01:40","date_gmt":"2010-10-20T17:01:40","guid":{"rendered":"http:\/\/www.willizblog.de\/?p=3518"},"modified":"2010-10-22T15:12:48","modified_gmt":"2010-10-22T14:12:48","slug":"friedrich-durrenmatt-der-verdacht","status":"publish","type":"post","link":"https:\/\/willizblog.de\/?p=3518","title":{"rendered":"Friedrich D\u00fcrrenmatt: Der Verdacht"},"content":{"rendered":"<p>Mit <a href=\"https:\/\/de.wikipedia.org\/wiki\/Max_Frisch\" target=\"_blank\">Max Frisch<\/a> ist <a href=\"https:\/\/de.wikipedia.org\/wiki\/Friedrich_D%C3%BCrrenmatt\" target=\"_blank\">Friedrich D\u00fcrrenmatt<\/a> einer der gr\u00f6\u00dften Schriftsteller der Schweiz in der 2. H\u00e4lfte des 20. Jahrhunderts. W\u00e4hrend ich von Frisch fast alles gelesen habe, habe ich zu D\u00fcrrenmatts B\u00fccher eher sporadisch gegriffen, vielleicht weil es mir in der Absurdit\u00e4t seiner Werke immer etwas zu \u00fcbertrieben und fernab der feinen Psychologie der Romane und St\u00fccke eines Max Frisch war.<\/p>\n<p>Aus dem ausgesonderten B\u00fccherbestand von Freunden und Bekannten, die f\u00fcr den Verkauf beim letzten <a href=\"https:\/\/www.willizblog.de\/?p=3445\" target=\"_blank\">Flohmarkt in Tostedt<\/a> zusammen getragen wurden, habe ich den kleinen Roman \u201eDer Verdacht\u201c von <a href=\"https:\/\/www.amazon.de\/gp\/search?ie=UTF8&#038;keywords=d%C3%BCrrenmatt&#038;tag=familiealbin-21&#038;index=books&#038;linkCode=ur2&#038;camp=1638&#038;creative=6742\" target=\"_blank\"><strong>Friedrich D\u00fcrrenmatt<\/strong><\/a><img loading=\"lazy\" src=\"https:\/\/www.assoc-amazon.de\/e\/ir?t=familiealbin-21&#038;l=ur2&#038;o=3\" width=\"1\" height=\"1\" border=\"0\" alt=\"\" style=\"border:none !important; margin:0px !important;\" \/> \u201agerettet\u2019 und gelesen.<\/p>\n<p>Es handelt sich bei dem gerade einmal 120 Seiten langen Werk um einen Kriminalroman. Wenn gro\u00dfe Schriftsteller Kriminalromane schreiben, bin ich meist skeptisch. Aber dieser kleine Roman hat es in sich, denn <em>Kriminalkommiss\u00e4r B\u00e4rlach begibt sich als Patient in die Macht eines verbrecherischen Arztes, um unter Lebensgefahr dessen dunkle Vergangenheit aufzudecken. D\u00fcrrenmatt enth\u00fcllt die pathologische Physiognomie und Psyche einer Zeit, die den Menschen an den Unmenschen ausgeliefert hat. Dr. Emmenberger war Lagerarzt des <a href=\"https:\/\/de.wikipedia.org\/wiki\/KZ_Stutthof\" target=\"_blank\">KZ Stutthof<\/a> bei Danzig. Das einzige Opfer, das Emmenbergers grausame Experimente \u00fcberlebt hat, der geheimnisumwitterte Jude Gulliver, hilft B\u00e4rlauch bei der \u00dcberf\u00fchrung des Verbrechers. Nicht allein die erregende Entlarvung Emmenbergers, auch die Enth\u00fcllung der Hintergr\u00fcnde und Abgr\u00fcnde menschlichen Tuns in einer unmenschlichen Zeit machen dieses Buch zu einer eigenwillig aktuellen Dichtung.<\/em><\/p>\n<p>Als sich B\u00e4rlach und Emmenberger gegen\u00fcberstehen, rechtfertigt der Arzt sein Tun mit einem Credo besonderer Art \u2013 seinem Glauben an die Materie: <\/p>\n<p><em>Es ist unsinnig in einer Welt, die ihrer Struktur nach eine Lotterie ist, nach dem Wohl der Menschen zu trachten \u2026 Es ist Unsinn, an die Materie zu glauben und zugleich an einen Humanismus, man kann nur an die Materie glauben und an das Ich. Es gibt keine Gerechtigkeit \u2013 wie k\u00f6nnte die Materie gerecht sein -, es gibt nur die Freiheit, die nicht verdient werden kann \u2013 da m\u00fc\u00dfte es eine Gerechtigkeit gebe -, die nicht gegeben werden kann \u2013 wer k\u00f6nnte sie geben -, sondern die man sich nehmen mu\u00df. Die Freiheit ist der Mut zum Verbrechen, weil sie selbst ein Verbrechen ist.<\/em><\/p>\n<p><em>Ich wagte es, ich selbst zu sein und nichts au\u00dferdem, ich gab mich dem hin, was mich frei machte, dem Mord und der Folter; denn wenn ich einen anderen Menschen t\u00f6te &#8230; werde ich frei, werde ich nichts als ein Augenblick, aber was f\u00fcr ein Augenblick! An Intensit\u00e4t gleich ungeheuer wie die Materie, gleich m\u00e4chtig wie sie, gleich unberechtigt wie sie, und in den Schreien und in der Qual &#8230; spiegelt sich mein Triumph und meine Freiheit und nichts au\u00dferdem.<\/em><\/p>\n<p>(S. 109 f. \u2013 rororo Rowohlt Taschenbuch Verlag, Reinbek bei Hamburg, Band 448 \u2013 M\u00e4rz 1973)<\/p>\n<p>siehe auch meinen Beitrag: <a href=\"https:\/\/www.willizblog.de\/?p=812\" target=\"_blank\">Bestie Mensch<\/a><\/p>\n","protected":false},"excerpt":{"rendered":"<p>Mit Max Frisch ist Friedrich D\u00fcrrenmatt einer der gr\u00f6\u00dften Schriftsteller der Schweiz in der 2. H\u00e4lfte des 20. Jahrhunderts. W\u00e4hrend ich von Frisch fast alles gelesen habe, habe ich zu D\u00fcrrenmatts B\u00fccher eher sporadisch gegriffen, vielleicht weil es mir in der Absurdit\u00e4t seiner Werke immer etwas zu \u00fcbertrieben und fernab der feinen Psychologie der Romane &hellip; <a href=\"https:\/\/willizblog.de\/?p=3518\" class=\"more-link\"><span class=\"screen-reader-text\">Friedrich D\u00fcrrenmatt: Der Verdacht<\/span> weiterlesen <span class=\"meta-nav\">&rarr;<\/span><\/a><\/p>\n","protected":false},"author":1,"featured_media":0,"comment_status":"open","ping_status":"open","sticky":false,"template":"","format":"standard","meta":[],"categories":[3],"tags":[177,176],"_links":{"self":[{"href":"https:\/\/willizblog.de\/index.php?rest_route=\/wp\/v2\/posts\/3518"}],"collection":[{"href":"https:\/\/willizblog.de\/index.php?rest_route=\/wp\/v2\/posts"}],"about":[{"href":"https:\/\/willizblog.de\/index.php?rest_route=\/wp\/v2\/types\/post"}],"author":[{"embeddable":true,"href":"https:\/\/willizblog.de\/index.php?rest_route=\/wp\/v2\/users\/1"}],"replies":[{"embeddable":true,"href":"https:\/\/willizblog.de\/index.php?rest_route=%2Fwp%2Fv2%2Fcomments&post=3518"}],"version-history":[{"count":0,"href":"https:\/\/willizblog.de\/index.php?rest_route=\/wp\/v2\/posts\/3518\/revisions"}],"wp:attachment":[{"href":"https:\/\/willizblog.de\/index.php?rest_route=%2Fwp%2Fv2%2Fmedia&parent=3518"}],"wp:term":[{"taxonomy":"category","embeddable":true,"href":"https:\/\/willizblog.de\/index.php?rest_route=%2Fwp%2Fv2%2Fcategories&post=3518"},{"taxonomy":"post_tag","embeddable":true,"href":"https:\/\/willizblog.de\/index.php?rest_route=%2Fwp%2Fv2%2Ftags&post=3518"}],"curies":[{"name":"wp","href":"https:\/\/api.w.org\/{rel}","templated":true}]}}