{"id":3535,"date":"2010-10-25T17:01:11","date_gmt":"2010-10-25T16:01:11","guid":{"rendered":"http:\/\/www.willizblog.de\/?p=3535"},"modified":"2010-10-25T12:39:37","modified_gmt":"2010-10-25T11:39:37","slug":"hu-und-hott-beim-ewe-gaspreis","status":"publish","type":"post","link":"https:\/\/willizblog.de\/?p=3535","title":{"rendered":"H\u00fc und Hott beim EWE-Gaspreis"},"content":{"rendered":"<p>Aufgrund eines <a href=\"http:\/\/www.energieverbraucher.de\/de\/site\/Preisprotest\/site\/site__2705\/\" target=\"_blank\">Urteils des Bundesgerichtshofes vom 14. Juli 2010<\/a> (Az: VIII ZR 6\/08) wurde eine Preisanpassungsklausel f\u00fcr unwirksam erkl\u00e4rt, die <a href=\"http:\/\/www.ewe.de\/\" target=\"_blank\">EWE<\/a> sei dem 1. April 2007 f\u00fcr Erdgasvertr\u00e4ge verwendet. Leider lie\u00df das Gericht die Frage offen, wie mit den beiden seitdem durchgef\u00fchrten Preiserh\u00f6hungen im Jahre 2008 r\u00fcckwirkend umzugehen ist.<\/p>\n<p>Um eine m\u00f6glichst schnelle L\u00f6sung zu finden, wurde Herrn <a href=\"https:\/\/de.wikipedia.org\/wiki\/Henning_Scherf\" target=\"_blank\">Dr. Henning Scherf<\/a> als neutrale Instanz um Einsch\u00e4tzung und Unterst\u00fctzung gegeben. So wurde eine einmalige Sonderzahlung ausgehandelt, die EWE zu zahlen hat und die nat\u00fcrlich abh\u00e4ngig vom individuellen Erdgasverbrauch ist. Bei der Ermittlung werden die Preissteigerungen und -senkungen seit dem 1. April 2007 ber\u00fccksichtigt. F\u00fcr EWE ergibt sich so angeblich eine Auszahlungssumme von ca. 100 Mio. \u20ac brutto; f\u00fcr einen Beispielhaushalt mit einem Durchschnittsverbrauch eine Auszahlungsh\u00f6he von 125 \u20ac. Die Gutschrift erfolgt mit der n\u00e4chsten Jahresabrechnung.<\/p>\n<p>Nachdem EWE seit August 2008 dreimal in Folge die Preise senken konnte (immer sch\u00f6n zeitverz\u00f6gert \u2013 wegen langj\u00e4hriger Liefervertr\u00e4ge), gibt es zum 1. Dezember 2010 aufgrund gestiegener Bezugskosten wieder eine saftige Preiserh\u00f6hung. Der Grundpreis bleibt gleich; daf\u00fcr erh\u00f6ht sich der Arbeitspreis von 4,53 Cent\/kWh brutto auf 5,25 Cent\/kWh brutto \u2013 ein Plus von 15,89 %.<\/p>\n<p>In einem drei Seiten langem Schreiben laviert EWE und beteuert, sich durch die alten Preiserh\u00f6hungen nicht bereichert zu haben. Wenn man jetzt aber bereit ist, 100 Millionen \u20ac auf den Tisch zu legen, dann macht mich das nat\u00fcrlich schon stutzig. Und die satte Preiserh\u00f6hung kommt dann auch zur rechten Zeit, um den Verlust zu kompensieren.<\/p>\n<p>\u201eUnser wichtigstes Guthaben ist das Vertrauen unserer Kunden.\u201c Hei\u00dft es u.a. in dem EWE-Schreiben. Das klingt doch ziemlich nach Hohn.<\/p>\n","protected":false},"excerpt":{"rendered":"<p>Aufgrund eines Urteils des Bundesgerichtshofes vom 14. Juli 2010 (Az: VIII ZR 6\/08) wurde eine Preisanpassungsklausel f\u00fcr unwirksam erkl\u00e4rt, die EWE sei dem 1. April 2007 f\u00fcr Erdgasvertr\u00e4ge verwendet. Leider lie\u00df das Gericht die Frage offen, wie mit den beiden seitdem durchgef\u00fchrten Preiserh\u00f6hungen im Jahre 2008 r\u00fcckwirkend umzugehen ist. Um eine m\u00f6glichst schnelle L\u00f6sung zu &hellip; <a href=\"https:\/\/willizblog.de\/?p=3535\" class=\"more-link\"><span class=\"screen-reader-text\">H\u00fc und Hott beim EWE-Gaspreis<\/span> weiterlesen <span class=\"meta-nav\">&rarr;<\/span><\/a><\/p>\n","protected":false},"author":1,"featured_media":0,"comment_status":"open","ping_status":"open","sticky":false,"template":"","format":"standard","meta":[],"categories":[2],"tags":[180,178,179],"_links":{"self":[{"href":"https:\/\/willizblog.de\/index.php?rest_route=\/wp\/v2\/posts\/3535"}],"collection":[{"href":"https:\/\/willizblog.de\/index.php?rest_route=\/wp\/v2\/posts"}],"about":[{"href":"https:\/\/willizblog.de\/index.php?rest_route=\/wp\/v2\/types\/post"}],"author":[{"embeddable":true,"href":"https:\/\/willizblog.de\/index.php?rest_route=\/wp\/v2\/users\/1"}],"replies":[{"embeddable":true,"href":"https:\/\/willizblog.de\/index.php?rest_route=%2Fwp%2Fv2%2Fcomments&post=3535"}],"version-history":[{"count":0,"href":"https:\/\/willizblog.de\/index.php?rest_route=\/wp\/v2\/posts\/3535\/revisions"}],"wp:attachment":[{"href":"https:\/\/willizblog.de\/index.php?rest_route=%2Fwp%2Fv2%2Fmedia&parent=3535"}],"wp:term":[{"taxonomy":"category","embeddable":true,"href":"https:\/\/willizblog.de\/index.php?rest_route=%2Fwp%2Fv2%2Fcategories&post=3535"},{"taxonomy":"post_tag","embeddable":true,"href":"https:\/\/willizblog.de\/index.php?rest_route=%2Fwp%2Fv2%2Ftags&post=3535"}],"curies":[{"name":"wp","href":"https:\/\/api.w.org\/{rel}","templated":true}]}}