{"id":354,"date":"2006-01-13T13:13:13","date_gmt":"2006-01-13T12:13:13","guid":{"rendered":"http:\/\/www.albinz.de\/blog\/?p=354"},"modified":"2006-01-13T13:13:13","modified_gmt":"2006-01-13T12:13:13","slug":"freitag-der-13-teil-2","status":"publish","type":"post","link":"https:\/\/willizblog.de\/?p=354","title":{"rendered":"Freitag, der 13. &#8211; Teil 2"},"content":{"rendered":"<p>Heute ist wieder Freitag, der 13. Bereits im Mai des letzten Jahres fiel der <a href=\"https:\/\/www.willizblog.de\/?p=135\">13. auf einen Freitag<\/a> und ich hatte im Internet nach den Gr\u00fcnden f\u00fcr den Aberglauben gesucht, denn etwa ein Viertel der Deutschen halten dieser Tag f\u00fcr einen besonderen Ungl\u00fcckstag. Hier weitere Informationen zur Zahl 13 in Verbindung mit einem Freitag <a href=\"http:\/\/www.sungaya.de\/schwarz\/allmende\/zahlen\/13.htm\" target=\"_blank\">[1]<\/a> <a href=\"https:\/\/de.wikipedia.org\/wiki\/Freitag_der_13.\" target=\"_blank\">[2]<\/a><\/p>\n<ul><img src=\"https:\/\/www.willizblog.de\/albpics\/freitag_13.jpg\" alt=\"Freitag, der 13.01.2006\" \/><\/ul>\n<p>\u00dcbrigens der n\u00e4chste Freitag, der auf einen 13. f\u00e4llt, ist im Oktober dieses Jahres.<\/p>\n","protected":false},"excerpt":{"rendered":"<p>Heute ist wieder Freitag, der 13. Bereits im Mai des letzten Jahres fiel der 13. auf einen Freitag und ich hatte im Internet nach den Gr\u00fcnden f\u00fcr den Aberglauben gesucht, denn etwa ein Viertel der Deutschen halten dieser Tag f\u00fcr einen besonderen Ungl\u00fcckstag. Hier weitere Informationen zur Zahl 13 in Verbindung mit einem Freitag [1] &hellip; <a href=\"https:\/\/willizblog.de\/?p=354\" class=\"more-link\"><span class=\"screen-reader-text\">Freitag, der 13. &#8211; Teil 2<\/span> weiterlesen <span class=\"meta-nav\">&rarr;<\/span><\/a><\/p>\n","protected":false},"author":1,"featured_media":0,"comment_status":"closed","ping_status":"closed","sticky":false,"template":"","format":"standard","meta":[],"categories":[7],"tags":[],"_links":{"self":[{"href":"https:\/\/willizblog.de\/index.php?rest_route=\/wp\/v2\/posts\/354"}],"collection":[{"href":"https:\/\/willizblog.de\/index.php?rest_route=\/wp\/v2\/posts"}],"about":[{"href":"https:\/\/willizblog.de\/index.php?rest_route=\/wp\/v2\/types\/post"}],"author":[{"embeddable":true,"href":"https:\/\/willizblog.de\/index.php?rest_route=\/wp\/v2\/users\/1"}],"replies":[{"embeddable":true,"href":"https:\/\/willizblog.de\/index.php?rest_route=%2Fwp%2Fv2%2Fcomments&post=354"}],"version-history":[{"count":0,"href":"https:\/\/willizblog.de\/index.php?rest_route=\/wp\/v2\/posts\/354\/revisions"}],"wp:attachment":[{"href":"https:\/\/willizblog.de\/index.php?rest_route=%2Fwp%2Fv2%2Fmedia&parent=354"}],"wp:term":[{"taxonomy":"category","embeddable":true,"href":"https:\/\/willizblog.de\/index.php?rest_route=%2Fwp%2Fv2%2Fcategories&post=354"},{"taxonomy":"post_tag","embeddable":true,"href":"https:\/\/willizblog.de\/index.php?rest_route=%2Fwp%2Fv2%2Ftags&post=354"}],"curies":[{"name":"wp","href":"https:\/\/api.w.org\/{rel}","templated":true}]}}