{"id":3568,"date":"2010-11-03T13:04:46","date_gmt":"2010-11-03T12:04:46","guid":{"rendered":"http:\/\/www.willizblog.de\/?p=3568"},"modified":"2010-11-03T13:04:46","modified_gmt":"2010-11-03T12:04:46","slug":"die-fetten-jahre-sind-vorbei","status":"publish","type":"post","link":"https:\/\/willizblog.de\/?p=3568","title":{"rendered":"Die fetten Jahre sind vorbei"},"content":{"rendered":"<p>Vor knapp f\u00fcnf Wochen schrieb ich in diesem Blog (<a href=\"https:\/\/www.willizblog.de\/?p=3436\" target=\"_blank\">Desolat und desastr\u00f6s<\/a>): <em>\u201eF\u00fcr Fans des SV Werder Bremen sind das jetzt schwere Wochen. Und ich f\u00fcrchte, dass es eine schwere Saison wird.\u201c<\/em> &#8230; und <em>\u201e&#8230; zur wirklichen<\/em> [europ\u00e4ischen] <em>Spitze ist der Weg weit \u2013 und wird auch in diesem Jahr lediglich Traum bleiben.\u201c<\/em> Die symbolische Aktion des <a href=\"https:\/\/www.willizblog.de\/?p=3502\" target=\"_blank\">Geh\u00e4ltereinfrierens<\/a> zeitigte nur kurz Erfolg. Die letzten acht Tage belegen nun: Beim Fu\u00dfballbundesligisten Werder Bremen sind die fetten Jahre vorbei. Mit meinen Mutma\u00dfungen \u00fcber Werder hatte ich also furchtbar Recht.<\/p>\n<p>Zun\u00e4chst war da vor einer Woche das ungl\u00fcckliche Ausscheiden im DFB-Pokal beim FC Bayern M\u00fcnchen. Dann am letzten Samstag der R\u00fcckschlag in der Bundesliga mit einer 2:3-Niederlage zu Hause gegen N\u00fcrnberg. Und nun gestern die 0:2-Niederlage in der Champions League zu Hause gegen Twente Enschede und damit wohl auch das Ende aller Europa-Pokal-Tr\u00e4ume.<\/p>\n<p>Was sind die Ursachen f\u00fcr diesen Absturz? Gl\u00fcck und Pech geh\u00f6ren zum Leben. Es ist eine Pechstr\u00e4hne, die Werder anh\u00e4ngt. Das beginnt mit den einzelnen Auslosungen zu den Pokalwettbewerben, z.B. die <a href=\"https:\/\/de.wikipedia.org\/wiki\/UEFA_Champions_League_2010\/11#Play-off\" target=\"_blank\">Qualifikation zur Champions League (Play-off)<\/a>: Mit Sampdoria Genua erwischte Werder einen der st\u00e4rksten Gegner. Dann die Auslosung zur <a href=\"https:\/\/de.wikipedia.org\/wiki\/UEFA_Champions_League_2010\/11#Gruppenphase\" target=\"_blank\">Gruppenphase der Champions League<\/a>: Mit Inter Mailand (Titelverteidiger), FC Twente Enschede (niederl\u00e4ndischer Meister) und Tottenham Hotspur h\u00e4tte es kaum dicker kommen k\u00f6nnen. Und dann schon in der <a href=\"https:\/\/de.wikipedia.org\/wiki\/DFB-Pokal_2010\/11#2._Hauptrunde\" target=\"_blank\">2. Runde des DFB-Pokals<\/a> als Gegner den FC Bayern in M\u00fcnchen.<\/p>\n<p>Und neben dem vielen Verletzungspech kommt nat\u00fcrlich reichlich viel Pech im Spiel hinzu \u2013 Beispiel DFB-Pokalspiel in M\u00fcnchen gegen die Bayern: Da wird den Bremern ein regul\u00e4res Tor nicht anerkannt. Und obwohl sich die Bremer gerade in der 2. Halbzeit als das bessere Team erweisen, schie\u00dfen die Bayern das spielentscheidende Tor zum 1:2.<\/p>\n<p>Aber gerade dieses Spiel ist auch symptomatisch f\u00fcr eine andere Tatsache, die Chancenausnutzung. Was da die Bremer an Torm\u00f6glichkeiten versemmelten, war f\u00fcr jeden Fan nicht anzusehen. Allein Arnautovic vergab innerhalb von f\u00fcnf Minuten drei gro\u00dfe Chancen. Wer solche M\u00f6glichkeiten ausl\u00e4sst, darf sich nicht wundern, wenn es am Ende zum Sieg nicht reicht.<\/p>\n<p>Ein ebenso wesentlicher Grund ist die Leistungsbereitschaft mancher Spieler. In vielen Spielen war die Einstellung einiger Spieler einfach nur mangelhaft. Oder man (nochmals Arnautovic) wollte es beim Torschuss einfach \u201ezu sch\u00f6n\u201c machen und machte es dem gegnerischen Torwart nur \u201ezu einfach\u201c.<\/p>\n<p>Ein weiterer Punkt ist das Unverm\u00f6gen einiger Spieler. Problemzone Abwehr. Als zz. zweitschlechteste Abwehr der Bundesliga zeigen einige Spieler, dass sie einfach \u00fcberfordert sind. Wenn z.B. Mikael Silvestre als linker Verteidiger an der Torauslinie herumd\u00fcmpelt und damit das Abseits beim Ausgleichstreffer der Bayern in DFB-Pokalspiel aufhebt, obwohl er in keiner Weise ins Spiel eingreifen konnte, dann ist das gerade f\u00fcr diesen Routinier ein Armutszeugnis erster Klasse. \u00dcberhaupt Silvestre: Immer wieder zeigt sich, dass der 33-j\u00e4hrige l\u00e4uferisch einfach nicht mehr mithalten kann. So hat der Werder-Trainer, Thomas Schaaf, im Spiel gegen Enschede wohl nicht ohne Grund Pr\u00f6dl auf den linken Verteidigerposten gestellt und Frings ins Abwehrzentrum beordert, was dem aber auch nicht besonders bekam (rote Karte wegen einer Notbremse).<\/p>\n<p>Die Katastrophenwoche f\u00fcr die Bremer Rumpftruppe (Tim Wiese, Naldo, Clemens Fritz, Petri Pasanen und Sebastian Boenisch fehlten) ist damit perfekt. Nach dem Pokal-Aus in M\u00fcnchen und der Heimpleite gegen N\u00fcrnberg liegen die Bremer v\u00f6llig am Boden. Selbst die Qualifikation f\u00fcr die Europa League ist durch die Pleite in weite Ferne ger\u00fcckt. Vielleicht hat es wenigstens das Gute, dass sich Werder nun allein auf die Bundesliga konzentrieren kann. Aber um f\u00fcr die n\u00e4chste Saison doch noch einen Platz im europ\u00e4ischen Fu\u00dfballkonzert zu sichern, muss endlich die Abwehr stabiler und die Chancenauswertung erh\u00f6ht werden. Sonst drohen magere Jahre.<\/p>\n","protected":false},"excerpt":{"rendered":"<p>Vor knapp f\u00fcnf Wochen schrieb ich in diesem Blog (Desolat und desastr\u00f6s): \u201eF\u00fcr Fans des SV Werder Bremen sind das jetzt schwere Wochen. Und ich f\u00fcrchte, dass es eine schwere Saison wird.\u201c &#8230; und \u201e&#8230; zur wirklichen [europ\u00e4ischen] Spitze ist der Weg weit \u2013 und wird auch in diesem Jahr lediglich Traum bleiben.\u201c Die symbolische &hellip; <a href=\"https:\/\/willizblog.de\/?p=3568\" class=\"more-link\"><span class=\"screen-reader-text\">Die fetten Jahre sind vorbei<\/span> weiterlesen <span class=\"meta-nav\">&rarr;<\/span><\/a><\/p>\n","protected":false},"author":1,"featured_media":0,"comment_status":"open","ping_status":"open","sticky":false,"template":"","format":"standard","meta":[],"categories":[27],"tags":[],"_links":{"self":[{"href":"https:\/\/willizblog.de\/index.php?rest_route=\/wp\/v2\/posts\/3568"}],"collection":[{"href":"https:\/\/willizblog.de\/index.php?rest_route=\/wp\/v2\/posts"}],"about":[{"href":"https:\/\/willizblog.de\/index.php?rest_route=\/wp\/v2\/types\/post"}],"author":[{"embeddable":true,"href":"https:\/\/willizblog.de\/index.php?rest_route=\/wp\/v2\/users\/1"}],"replies":[{"embeddable":true,"href":"https:\/\/willizblog.de\/index.php?rest_route=%2Fwp%2Fv2%2Fcomments&post=3568"}],"version-history":[{"count":0,"href":"https:\/\/willizblog.de\/index.php?rest_route=\/wp\/v2\/posts\/3568\/revisions"}],"wp:attachment":[{"href":"https:\/\/willizblog.de\/index.php?rest_route=%2Fwp%2Fv2%2Fmedia&parent=3568"}],"wp:term":[{"taxonomy":"category","embeddable":true,"href":"https:\/\/willizblog.de\/index.php?rest_route=%2Fwp%2Fv2%2Fcategories&post=3568"},{"taxonomy":"post_tag","embeddable":true,"href":"https:\/\/willizblog.de\/index.php?rest_route=%2Fwp%2Fv2%2Ftags&post=3568"}],"curies":[{"name":"wp","href":"https:\/\/api.w.org\/{rel}","templated":true}]}}