{"id":3577,"date":"2010-11-05T11:36:06","date_gmt":"2010-11-05T10:36:06","guid":{"rendered":"http:\/\/www.willizblog.de\/?p=3577"},"modified":"2010-11-05T09:44:24","modified_gmt":"2010-11-05T08:44:24","slug":"verblendung","status":"publish","type":"post","link":"https:\/\/willizblog.de\/?p=3577","title":{"rendered":"Verblendung"},"content":{"rendered":"<p>Stieg Larssons Roman \u201eVerblendung\u201c war 2008 das bestverkaufte Buch der EU, der Autor selbst avancierte zum weltweit zweitmeistgelesenen Autor. Doch der Journalist und Forscher im Bereich Rechtsradikalismus erlebte diesen Erfolg nicht mehr. Larsson starb am 9. November 2004 im Alter von nur 50 Jahren an den Folgen eines Herzinfarkts. Zu diesem Zeitpunkt waren drei von zehn geplanten B\u00fcchern \u00fcber den aufrechten Wirtschaftsjournalisten Mikael Blomkvist vollst\u00e4ndig fertiggestellt, zu drei weiteren gibt es Expos\u00e9s und Manuskripte.<\/p>\n<p><a href=\"https:\/\/de.wikipedia.org\/wiki\/Verblendung_%28Film%29\" target=\"_blank\">Verblendung<\/a> ist die Verfilmung des gleichnamigen Romans von Stieg Larsson und der erste Teil der <a href=\"https:\/\/www.amazon.de\/gp\/product\/B003V8BNX6?ie=UTF8&#038;tag=familiealbin-21&#038;linkCode=as2&#038;camp=1638&#038;creative=6742&#038;creativeASIN=B003V8BNX6\" target=\"_blank\"><strong>Millennium Trilogie<\/strong><\/a><img loading=\"lazy\" src=\"https:\/\/www.assoc-amazon.de\/e\/ir?t=familiealbin-21&#038;l=as2&#038;o=3&#038;a=B003V8BNX6\" width=\"1\" height=\"1\" border=\"0\" alt=\"\" style=\"border:none !important; margin:0px !important;\" \/> (Verblendung \u2013 Verdammnis \u2013 Vergebung). Regie f\u00fchrte der D\u00e4ne Niels Arden Oplev.<\/p>\n<p><em>Vor mehr als 40 Jahren verschwand die junge Harriet spurlos vom j\u00e4hrlichen Treffen der Industriellenfamilie Vanger. Die Umst\u00e4nde lassen nur einen Schluss zu: Mord! Und noch schlimmer: Der T\u00e4ter muss aus der eigenen Familie stammen. Henrik Vanger (Sven-Bertil Taube) qu\u00e4lt das Schicksal seiner Lieblingsnichte noch heute, zumal er zum Geburtstag stets eine getrocknete Blume bekommt &#8211; genau wie ihm Harriet einst eine schenkte. Mit 82 Jahren dem Lebensende nahe, unternimmt der Patriarch einen letzten Versuch, die Wahrheit ans Licht zu zerren. Er engagiert den Journalisten Mikael Blomkvist (Michael Nyqvist), der nach einem Artikel \u00fcber den Industriellen Wennerstr\u00f6m (Stefan Sauk) gerade wegen Verleumdung zu einer Freiheitsstrafe verurteilt wurde und vor dem beruflichen Aus steht, um f\u00fcr ihn auf Spurensuche zu gehen. In der Einsamkeit der verschneiten Insel Hedeby, auf der die Familie Vanger in aller Abgeschiedenheit lebt, macht sich Blomkvist an seine vermeintlich unl\u00f6sbare Aufgabe. Doch dem hartn\u00e4ckigen Journalisten gelingt das Unm\u00f6gliche. Auf einem alten Foto entdeckt er einen Hinweis, au\u00dferdem l\u00e4sst ihn eine mysteri\u00f6se Liste mit Namen und Nummern nicht mehr los. Da erh\u00e4lt er pl\u00f6tzliche und unerwartete Unterst\u00fctzung von der Hackerin Lisbeth Salander (Noomi Rapace)\u2026<\/em><\/p>\n<p>aus: <a href=\"http:\/\/www.filmstarts.de\/kritiken\/102586-Verblendung.html\" target=\"_blank\">filmstarts.de<\/a><\/p>\n<p>Die Adaption eines Romans f\u00fcr die Leinwand stellt Drehbuchautoren immer wieder vor die Frage, wie nah sie an der Vorlage bleiben sollen und wie frei sie mit ihr umgehen d\u00fcrfen. Nikolaj Arcel und Rasmus Heisterberg  halten sich weitestgehend an Larssons Roman und beschr\u00e4nken sich in erster Linie darauf, dessen Handlung in ein filmtaugliches Format zu bringen. Dazu sind nat\u00fcrlich auch einige K\u00fcrzungen und Vereinfachungen n\u00f6tig. Zum Beispiel wird die erz\u00e4hlte Zeit einfach halbiert, die ersten Fortschritte macht Blomkvist im Film recht schnell und nicht erst \u2013 wie im Roman &#8211; nach einigen Monaten. Auch der private Hintergrund der Figuren wurde ein wenig vereinfach oder ge\u00e4ndert. Blomkvist erlebt im Buch etwa immer wieder sexuelle Abenteuer, die im Film aber nur mit vorsichtigen Verweisen angedeutet werden. Nebenhandlungsstr\u00e4nge wie die Rettung der vor dem Bankrott stehenden Wirtschaftszeitung \u201eMillennium\u201c oder die Auseinandersetzung mit dem Industriellen Wennerstr\u00f6m werden weggelassen oder in nur wenigen Minuten schnell abgearbeitet. Um eine noch akzeptable Laufzeit zu erreichen, m\u00fcssen mitunter eben Figuren zusammengelegt oder entfernt und Handlungsabl\u00e4ufe ver\u00e4ndert werden. Deshalb findet auch die Zusammenkunft von Blomkvist und Salander in leicht abge\u00e4nderter Form statt. Am Kern des Buches r\u00fchren die Autoren hingegen nicht. \u201eVerblendung\u201c ist nicht nur ein d\u00fcsterer Thriller \u00fcber grausame Verbrechen, sondern auch ein Film \u00fcber die Beziehung eines ungleichen und h\u00f6chst ungew\u00f6hnlichen Ermittlerduos. Schlie\u00dflich waren es schon in Romanform diese beiden Charaktere, die den gr\u00f6\u00dften Reiz von \u201eVerblendung\u201c ausmachten. <\/p>\n<p>Die Film-DVD <a href=\"https:\/\/www.amazon.de\/gp\/product\/B002RAQR08?ie=UTF8&#038;tag=familiealbin-21&#038;linkCode=as2&#038;camp=1638&#038;creative=6742&#038;creativeASIN=B002RAQR08\" target=\"_blank\"><strong>Verblendung<\/strong><\/a><img loading=\"lazy\" src=\"https:\/\/www.assoc-amazon.de\/e\/ir?t=familiealbin-21&#038;l=as2&#038;o=3&#038;a=B002RAQR08\" width=\"1\" height=\"1\" border=\"0\" alt=\"\" style=\"border:none !important; margin:0px !important;\" \/> habe ich schon seit Anfang des Jahres bei mir liegen. Erst jetzt habe ich mir den Film angeschaut (die beiden weiteren Filme sind inzwischen auch als DVD erh\u00e4ltlich), um mir alle drei Filme m\u00f6glichst zeitnah zu betrachten.<\/p>\n<p><object width=\"540\" height=\"325\"><param name=\"movie\" value=\"https:\/\/www.youtube.com\/v\/7iZ1NGCwE_U?fs=1&amp;hl=de_DE\"><\/param><param name=\"allowFullScreen\" value=\"true\"><\/param><param name=\"allowscriptaccess\" value=\"always\"><\/param><embed src=\"https:\/\/www.youtube.com\/v\/7iZ1NGCwE_U?fs=1&amp;hl=de_DE\" type=\"application\/x-shockwave-flash\" allowscriptaccess=\"always\" allowfullscreen=\"true\" width=\"540\" height=\"325\"><\/embed><\/object><br \/>\nStieg Larsson &#8211; VERBLENDUNG &#8211; Trailer<\/p>\n<p>Eindeutig im Mittelpunkt des Films <a href=\"http:\/\/www.vergebung-derfilm.de\/\" target=\"_blank\">Vergebung<\/a> steht f\u00fcr mich die punkige Hackerin Lisbeth Salander (nicht umsonst hei\u00dft der englische Titel: The Girl with the Dragon Tattoo), die von Noomi Rapace kongenial dargestellt wird. Lisbeth ist eigentlich eine zierliche 24-j\u00e4hrige Frau, die wegen ihrer gewaltreichen Kindheit unter Vormundschaft steht. Sie hat einiges durchzustehen, aber ihr starker Charakter gibt ihr die Kraft, die Probleme auf ihre Weise zu l\u00f6sen, wenn es manchmal auch eine Art von Selbstjustiz ist.<\/p>\n<p>Der Originaltitel \u201eM\u00e4n som hatar kvinnor\u201c (w\u00f6rtliche \u00dcbersetzung: M\u00e4nner, die Frauen hassen) sagt etwas mehr \u00fcber das Sujet des Films aus. Es geht um eine Vielzahl von Morden an Frauen. Das Motiv f\u00fcr diese Morde erinnert mich in modifizierter Form an den kleinen Kriminalroman von <a href=\"https:\/\/www.willizblog.de\/?p=3518\" target=\"_blank\">Friedrich D\u00fcrrenmatt: Der Verdacht<\/a>. Es geht um Macht, die man \u00fcber andere Menschen aus\u00fcbt, um eine gott\u00e4hnliche Macht \u00fcber Leben und Tod. In diesem Film ist sie sexuell begr\u00fcndet und gegen Frauen gerichtet. Lisbeth Salander erscheint so als eine Racheengel.<\/p>\n<p>Ich habe eine Vorliebe f\u00fcr gute Krimis. Es muss aber vor allem die Psychologie stimmen. In diesem Film stimmt diese besonders bei den beiden Hauptpersonen uneingeschr\u00e4nkt. Da nehme ich auch in Kauf, dass es einige logische Schw\u00e4chen gibt. Ingesamt weist der Film eine ungemein dichte, d\u00fcstere Atmosph\u00e4re auf. Die Landschaftsbilder tragen dazu bei. Aber es ist nichts f\u00fcr schwache Nerven. Die manchmal \u00e4u\u00dferst grausamen Bilder (<a href=\"https:\/\/de.wikipedia.org\/wiki\/Freiwillige_Selbstkontrolle_der_Filmwirtschaft\" target=\"_blank\">FSK<\/a> 16) sind allerdings nicht Selbstzweck, sondern verdeutlichen nur, welche <a href=\"https:\/\/www.willizblog.de\/?p=812\" target=\"_blank\">Bestie in manchen Menschen<\/a> steckt. Allein dieses Wissen ist Schrecken genug.<\/p>\n<p>Der Film kommt vor allem ohne jene gro\u00dfe Action aus, die viele amerikanische Filme dieser Art pr\u00e4gen. Von daher halte ich es jetzt schon f\u00fcr \u00fcberfl\u00fcssig, wenn die Millennium-Trilogie noch einmal (beginnend mit <a href=\"https:\/\/en.wikipedia.org\/wiki\/The_Girl_with_the_Dragon_Tattoo_%282011_film%29\" target=\"_blank\">The Girl with the Dragon Tattoo\/Verblendung<\/a>) mit  <a href=\"https:\/\/de.wikipedia.org\/wiki\/Rooney_Mara\" target=\"_blank\">Rooney Mara<\/a> als Lisbeth Salander und <a href=\"https:\/\/www.willizblog.de\/?p=684\" target=\"_blank\">M\u00f6chtegern-007<\/a> <a href=\"https:\/\/en.wikipedia.org\/wiki\/Daniel_Craig\" target=\"_blank\">Daniel Craig<\/a> als Mikael Blomkvist in amerikanischer Produktion verfilmt wird (Regie: <a href=\"https:\/\/en.wikipedia.org\/wiki\/David_Fincher\" target=\"_blank\">David Fincher<\/a>, u.a. <a href=\"https:\/\/www.willizblog.de\/?p=1836\" target=\"_blank\">Der seltsame Fall des Benjamin Button<\/a>).<\/p>\n<p>Wenn mir eines am Film vielleicht nicht gefallen hat, dann das Ende. Da sehen wir Lisbeth Salander, schick gekleidet, wie sie das Konto des kriminellen Unternehmers Wennerstr\u00f6m auf den Kaimaninseln pl\u00fcndert. Das mag als eine Art Gag gelten, ist mir dann aber schon wieder etwas zu \u201aamerikanisch\u2019.<\/p>\n","protected":false},"excerpt":{"rendered":"<p>Stieg Larssons Roman \u201eVerblendung\u201c war 2008 das bestverkaufte Buch der EU, der Autor selbst avancierte zum weltweit zweitmeistgelesenen Autor. Doch der Journalist und Forscher im Bereich Rechtsradikalismus erlebte diesen Erfolg nicht mehr. Larsson starb am 9. November 2004 im Alter von nur 50 Jahren an den Folgen eines Herzinfarkts. Zu diesem Zeitpunkt waren drei von &hellip; <a href=\"https:\/\/willizblog.de\/?p=3577\" class=\"more-link\"><span class=\"screen-reader-text\">Verblendung<\/span> weiterlesen <span class=\"meta-nav\">&rarr;<\/span><\/a><\/p>\n","protected":false},"author":1,"featured_media":0,"comment_status":"open","ping_status":"open","sticky":false,"template":"","format":"standard","meta":[],"categories":[13],"tags":[],"_links":{"self":[{"href":"https:\/\/willizblog.de\/index.php?rest_route=\/wp\/v2\/posts\/3577"}],"collection":[{"href":"https:\/\/willizblog.de\/index.php?rest_route=\/wp\/v2\/posts"}],"about":[{"href":"https:\/\/willizblog.de\/index.php?rest_route=\/wp\/v2\/types\/post"}],"author":[{"embeddable":true,"href":"https:\/\/willizblog.de\/index.php?rest_route=\/wp\/v2\/users\/1"}],"replies":[{"embeddable":true,"href":"https:\/\/willizblog.de\/index.php?rest_route=%2Fwp%2Fv2%2Fcomments&post=3577"}],"version-history":[{"count":0,"href":"https:\/\/willizblog.de\/index.php?rest_route=\/wp\/v2\/posts\/3577\/revisions"}],"wp:attachment":[{"href":"https:\/\/willizblog.de\/index.php?rest_route=%2Fwp%2Fv2%2Fmedia&parent=3577"}],"wp:term":[{"taxonomy":"category","embeddable":true,"href":"https:\/\/willizblog.de\/index.php?rest_route=%2Fwp%2Fv2%2Fcategories&post=3577"},{"taxonomy":"post_tag","embeddable":true,"href":"https:\/\/willizblog.de\/index.php?rest_route=%2Fwp%2Fv2%2Ftags&post=3577"}],"curies":[{"name":"wp","href":"https:\/\/api.w.org\/{rel}","templated":true}]}}