{"id":36,"date":"2005-02-17T18:39:49","date_gmt":"2005-02-17T17:39:49","guid":{"rendered":"http:\/\/www.albinz.de\/blog\/?p=36"},"modified":"2005-10-20T11:50:10","modified_gmt":"2005-10-20T09:50:10","slug":"die-memoiren-von-gabriel-garcia-marquez-teil-2","status":"publish","type":"post","link":"https:\/\/willizblog.de\/?p=36","title":{"rendered":"Die Memoiren von Gabriel Garc\u00eda M\u00e1rquez &#8211; Teil 2"},"content":{"rendered":"<p>Inzwischen habe ich auch den 2. Teil von Gabriel Garc\u00eda M\u00e1rquez&#8216; Autobiografie \u2018Leben, um davon zu erz\u00e4hlen\u2018 gelesen. Es geht dabei vor allem um sein Leben als Redakteur und Reporter bei diversen Zeitungen und spielt in den 50-er Jahren.<\/p>\n<p>Erste Erz\u00e4hlungen von ihm werden ver\u00f6ffentlicht. Aber er hat noch nicht seinen eigenen Stil gefunden. Noch imitiert er andere Schriftsteller.<\/p>\n<p>&#8222;Zum Gl\u00fcck reichte meine Vorstellungskraft nicht aus, um mich auf Dauer so weit von mir selbst zu entfernen.&#8220; (S. 462 der Taschenbuchausgabe). Die Reportage ist sein literarisches Metier. Der Dialog bereitet ihm Schwierigkeiten.<\/p>\n<p>Er erlebt die Wirren der kolumbianischen Geschichte (die Gewalt, violencia, der Konservativen gegen das eigene Volk &#8211; die Milit\u00e4rdiktatur) und ist doch nur Zuschauer. Lieber sitzt er mit Freunden in dunklen Kneipen und Bordellen und er\u00f6rtert  h\u00f6chstens literarische Fragen.<\/p>\n<p>Aber sein schriftstellerisches Talent ist un\u00fcbersehbar. Und so zeichnet sich langsam sein Weg ab vom kleinen Gabito zum gro\u00dfen Gabo. Da das Buch bereits in den f\u00fcnfziger Jahren endet, wird es wohl eine Fortsetzung geben?!<\/p>\n<p>Ich wei\u00df nicht, ob ich von dieser Lebensbeschreibung entt\u00e4uscht bin. In der Summe bestimmt. Sicherlich ist es nicht leicht, ein Buch \u00fcber sein eigenes Leben zu schreiben. Man steht sich dabei selbst im Weg. immerhin bekommt man einen interessanten Einblick in das Leben eines Kolumbianers einer Zeit, die f\u00fcr uns so nicht existiert hat. Und die Sujets, die Motive liegen auf der Stra\u00dfe, man muss sie nur pfl\u00fccken. Das hat Garcia Marquez in seinen gro\u00dfartigen Romanen getan. Hierf\u00fcr reichte seine Vorstellungskraft hinreichend aus.<\/p>\n","protected":false},"excerpt":{"rendered":"<p>Inzwischen habe ich auch den 2. Teil von Gabriel Garc\u00eda M\u00e1rquez&#8216; Autobiografie \u2018Leben, um davon zu erz\u00e4hlen\u2018 gelesen. Es geht dabei vor allem um sein Leben als Redakteur und Reporter bei diversen Zeitungen und spielt in den 50-er Jahren. Erste Erz\u00e4hlungen von ihm werden ver\u00f6ffentlicht. Aber er hat noch nicht seinen eigenen Stil gefunden. Noch &hellip; <a href=\"https:\/\/willizblog.de\/?p=36\" class=\"more-link\"><span class=\"screen-reader-text\">Die Memoiren von Gabriel Garc\u00eda M\u00e1rquez &#8211; Teil 2<\/span> weiterlesen <span class=\"meta-nav\">&rarr;<\/span><\/a><\/p>\n","protected":false},"author":1,"featured_media":0,"comment_status":"closed","ping_status":"closed","sticky":false,"template":"","format":"standard","meta":[],"categories":[3],"tags":[],"_links":{"self":[{"href":"https:\/\/willizblog.de\/index.php?rest_route=\/wp\/v2\/posts\/36"}],"collection":[{"href":"https:\/\/willizblog.de\/index.php?rest_route=\/wp\/v2\/posts"}],"about":[{"href":"https:\/\/willizblog.de\/index.php?rest_route=\/wp\/v2\/types\/post"}],"author":[{"embeddable":true,"href":"https:\/\/willizblog.de\/index.php?rest_route=\/wp\/v2\/users\/1"}],"replies":[{"embeddable":true,"href":"https:\/\/willizblog.de\/index.php?rest_route=%2Fwp%2Fv2%2Fcomments&post=36"}],"version-history":[{"count":0,"href":"https:\/\/willizblog.de\/index.php?rest_route=\/wp\/v2\/posts\/36\/revisions"}],"wp:attachment":[{"href":"https:\/\/willizblog.de\/index.php?rest_route=%2Fwp%2Fv2%2Fmedia&parent=36"}],"wp:term":[{"taxonomy":"category","embeddable":true,"href":"https:\/\/willizblog.de\/index.php?rest_route=%2Fwp%2Fv2%2Fcategories&post=36"},{"taxonomy":"post_tag","embeddable":true,"href":"https:\/\/willizblog.de\/index.php?rest_route=%2Fwp%2Fv2%2Ftags&post=36"}],"curies":[{"name":"wp","href":"https:\/\/api.w.org\/{rel}","templated":true}]}}