{"id":364,"date":"2006-01-23T06:04:35","date_gmt":"2006-01-23T05:04:35","guid":{"rendered":"http:\/\/www.albinz.de\/blog\/?p=364"},"modified":"2006-01-23T08:05:14","modified_gmt":"2006-01-23T07:05:14","slug":"hoch-claus-lasst-uns-gefrieren","status":"publish","type":"post","link":"https:\/\/willizblog.de\/?p=364","title":{"rendered":"Hoch &#8218;Claus&#8216; l\u00e4sst uns gefrieren"},"content":{"rendered":"<p>Bis zu minus 30 Grad werden heute im Bayerischen Wald erwartet. Die sibirische K\u00e4lte des Hochs &#8218;Claus&#8216; l\u00e4sst weite Teile Deutschlands gefrieren. Auch im hohen Norden bei uns sackte das Quecksilber auf \u00fcber minus 10 Grad am Morgen. Und wie es kommen musste: Wegen eingefrorener Weichen u.\u00e4. kam es zu Versp\u00e4tungen bei der Bahn bzw. in Hamburg zu Ausf\u00e4llen von S-Bahnen (&#8218;betriebsbedingter Ausfall&#8216; nennt man das wohl).<\/p>\n<ul><img src=\"https:\/\/www.willizblog.de\/albpics\/hoch_claus_nachtfrost.jpg\" alt=\"Nachtfrost von Sonntag auf Montag durch Hoch 'Claus'\" \/><\/ul>\n<p>Und der Frost wird sich noch einige Tage halten. Nach leichtem Schneefall ab Donnerstag soll es dann ab Sonntag sogar richtig schneien. Warten wir es ab. Auf jeden Fall sollte man sich in den n\u00e4chsten Tagen immer warm anziehen.<\/p>\n<p>siehe auch: <a href=\"http:\/\/www.heute.de\/ZDFheute\/inhalt\/4\/0,3672,3724772,00.html\" target=\"_blank\">zdf.de<\/a><\/p>\n","protected":false},"excerpt":{"rendered":"<p>Bis zu minus 30 Grad werden heute im Bayerischen Wald erwartet. Die sibirische K\u00e4lte des Hochs &#8218;Claus&#8216; l\u00e4sst weite Teile Deutschlands gefrieren. Auch im hohen Norden bei uns sackte das Quecksilber auf \u00fcber minus 10 Grad am Morgen. Und wie es kommen musste: Wegen eingefrorener Weichen u.\u00e4. kam es zu Versp\u00e4tungen bei der Bahn bzw. &hellip; <a href=\"https:\/\/willizblog.de\/?p=364\" class=\"more-link\"><span class=\"screen-reader-text\">Hoch &#8218;Claus&#8216; l\u00e4sst uns gefrieren<\/span> weiterlesen <span class=\"meta-nav\">&rarr;<\/span><\/a><\/p>\n","protected":false},"author":1,"featured_media":0,"comment_status":"closed","ping_status":"closed","sticky":false,"template":"","format":"standard","meta":[],"categories":[22,16],"tags":[],"_links":{"self":[{"href":"https:\/\/willizblog.de\/index.php?rest_route=\/wp\/v2\/posts\/364"}],"collection":[{"href":"https:\/\/willizblog.de\/index.php?rest_route=\/wp\/v2\/posts"}],"about":[{"href":"https:\/\/willizblog.de\/index.php?rest_route=\/wp\/v2\/types\/post"}],"author":[{"embeddable":true,"href":"https:\/\/willizblog.de\/index.php?rest_route=\/wp\/v2\/users\/1"}],"replies":[{"embeddable":true,"href":"https:\/\/willizblog.de\/index.php?rest_route=%2Fwp%2Fv2%2Fcomments&post=364"}],"version-history":[{"count":0,"href":"https:\/\/willizblog.de\/index.php?rest_route=\/wp\/v2\/posts\/364\/revisions"}],"wp:attachment":[{"href":"https:\/\/willizblog.de\/index.php?rest_route=%2Fwp%2Fv2%2Fmedia&parent=364"}],"wp:term":[{"taxonomy":"category","embeddable":true,"href":"https:\/\/willizblog.de\/index.php?rest_route=%2Fwp%2Fv2%2Fcategories&post=364"},{"taxonomy":"post_tag","embeddable":true,"href":"https:\/\/willizblog.de\/index.php?rest_route=%2Fwp%2Fv2%2Ftags&post=364"}],"curies":[{"name":"wp","href":"https:\/\/api.w.org\/{rel}","templated":true}]}}