{"id":3641,"date":"2010-11-22T09:59:25","date_gmt":"2010-11-22T08:59:25","guid":{"rendered":"http:\/\/www.willizblog.de\/?p=3641"},"modified":"2010-11-22T09:03:15","modified_gmt":"2010-11-22T08:03:15","slug":"vincent-will-meer","status":"publish","type":"post","link":"https:\/\/willizblog.de\/?p=3641","title":{"rendered":"Vincent will Meer"},"content":{"rendered":"<p><a href=\"https:\/\/de.wikipedia.org\/wiki\/Vincent_will_Meer\" target=\"_blank\">Vincent will Meer<\/a> ist ein deutscher Spielfilm von Regisseur Ralf Huettner aus dem Jahr 2010. Das Originaldrehbuch des Films stammt von Florian David Fitz, der zudem auch die m\u00e4nnliche Hauptrolle spielt.<\/p>\n<p><em>Bis zu ihrem Tod lebt Vincent (Florian David Fitz) bei seiner alkoholkranken Mutter. Flugs bugsiert ihn sein Vater (Heino Ferch), dessen Aufmerksamkeit bestenfalls als funktionalistisch gelten kann, in ein Therapiezentrum. Hier soll sich die Fach\u00e4rztin Dr. Rose (Katharina M\u00fcller-Elmau) um die Behandlung von Vincents <a href=\"https:\/\/de.wikipedia.org\/wiki\/Tourette-Syndrom\" target=\"_blank\">Tourette-Syndrom<\/a> k\u00fcmmern &#8211; das der Vater auch noch als Ursache f\u00fcr die Alkoholabh\u00e4ngigkeit seiner Frau zu erkennen glaubt. Als intelligenter, sensibler und freiheitsliebender junger Mann f\u00fchlt sich Vincent jedoch schnell eingesperrt und bevormundet. Mit der <a href=\"https:\/\/de.wikipedia.org\/wiki\/Anorexia_nervosa\" target=\"_blank\">magers\u00fcchtigen<\/a> Marie (Karoline Herfurth) klaut er den Wagen ihrer \u00c4rztin und macht sich auf den Weg nach Italien. Dass auch Vincents <a href=\"https:\/\/de.wikipedia.org\/wiki\/Zwangsst%C3%B6rung\" target=\"_blank\">zwangsneurotischer<\/a> Zimmergenosse Alexander (Johannes Allmeyer) mit auf die Reise kommt, ist ein situationsbedingtes Opfer, das die beiden billigend in Kauf nehmen. Dann informiert Dr. Rose Vincents Vater und die beiden begeben sich auf die Suche nach den Entflohenen. Schon bald kommt es zu einem ersten Aufeinandertreffen, das aber keineswegs das Ende der Reise markiert&#8230;<\/em><\/p>\n<p>aus: <a href=\"http:\/\/www.filmstarts.de\/kritiken\/105439-Vincent-will-meer.html\" target=\"_blank\">filmstarts.de<\/a><\/p>\n<p><a href=\"https:\/\/www.youtube.com\/watch?v=tiq2O29Igic\" target=\"_blank\"><img loading=\"lazy\" border=\"0\" src=\"https:\/\/www.willizblog.de\/blogpicts\/vincent_will_meer.jpg\" alt=\"Vincent will Meer\" width=\"230\" height=\"280\"><\/a><br \/>\n<a href=\"https:\/\/www.youtube.com\/watch?v=tiq2O29Igic\" target=\"_blank\">Vincent will Meer &#8211; Trailer<\/a><\/p>\n<p>Am Freitagabend habe ich mir mit meinem j\u00fcngeren Sohn die DVD <a href=\"https:\/\/www.amazon.de\/gp\/product\/B003I63QKO?ie=UTF8&#038;tag=familiealbin-21&#038;linkCode=as2&#038;camp=1638&#038;creative=6742&#038;creativeASIN=B003I63QKO\" target=\"_blank\"><strong>Vincent will Meer<\/strong><\/a><img loading=\"lazy\" src=\"https:\/\/www.assoc-amazon.de\/e\/ir?t=familiealbin-21&#038;l=as2&#038;o=3&#038;a=B003I63QKO\" width=\"1\" height=\"1\" border=\"0\" alt=\"\" style=\"border:none !important; margin:0px !important;\" \/> angeschaut. Der Film \u00fcberzeugt mit feinem Gesp\u00fcr f\u00fcr Zwischenmenschliches und ist neben seiner Originalit\u00e4t sehr sympathisch und unterhaltsam. Nat\u00fcrlich ist er nicht ganz frei von Klischees, aber er versteht es, die sich oftmals unfreiwillige Komik, die sich zwangsl\u00e4ufig ergibt, wenn Tourette-Kranke und Zwangsneurotiker gemeinsam auf engstem Raum und ohne Plan unterwegs sind, zu eigen zu machen, ohne sich \u00fcber die pathologische Lage der drei ungleichen Reisenden lustig zu machen.<\/p>\n<p><a href=\"http:\/\/www.vincent.film.de\/\" target=\"_blank\">Vincent will Meer<\/a> beweist, dass selbst bei einem schwierigen Thema eine Kom\u00f6die gelingen kann. Ein ungew\u00f6hnlicher Roadmovie, den ich durchaus empfehlen kann.<\/p>\n","protected":false},"excerpt":{"rendered":"<p>Vincent will Meer ist ein deutscher Spielfilm von Regisseur Ralf Huettner aus dem Jahr 2010. Das Originaldrehbuch des Films stammt von Florian David Fitz, der zudem auch die m\u00e4nnliche Hauptrolle spielt. Bis zu ihrem Tod lebt Vincent (Florian David Fitz) bei seiner alkoholkranken Mutter. Flugs bugsiert ihn sein Vater (Heino Ferch), dessen Aufmerksamkeit bestenfalls als &hellip; <a href=\"https:\/\/willizblog.de\/?p=3641\" class=\"more-link\"><span class=\"screen-reader-text\">Vincent will Meer<\/span> weiterlesen <span class=\"meta-nav\">&rarr;<\/span><\/a><\/p>\n","protected":false},"author":1,"featured_media":0,"comment_status":"open","ping_status":"open","sticky":false,"template":"","format":"standard","meta":[],"categories":[13],"tags":[],"_links":{"self":[{"href":"https:\/\/willizblog.de\/index.php?rest_route=\/wp\/v2\/posts\/3641"}],"collection":[{"href":"https:\/\/willizblog.de\/index.php?rest_route=\/wp\/v2\/posts"}],"about":[{"href":"https:\/\/willizblog.de\/index.php?rest_route=\/wp\/v2\/types\/post"}],"author":[{"embeddable":true,"href":"https:\/\/willizblog.de\/index.php?rest_route=\/wp\/v2\/users\/1"}],"replies":[{"embeddable":true,"href":"https:\/\/willizblog.de\/index.php?rest_route=%2Fwp%2Fv2%2Fcomments&post=3641"}],"version-history":[{"count":0,"href":"https:\/\/willizblog.de\/index.php?rest_route=\/wp\/v2\/posts\/3641\/revisions"}],"wp:attachment":[{"href":"https:\/\/willizblog.de\/index.php?rest_route=%2Fwp%2Fv2%2Fmedia&parent=3641"}],"wp:term":[{"taxonomy":"category","embeddable":true,"href":"https:\/\/willizblog.de\/index.php?rest_route=%2Fwp%2Fv2%2Fcategories&post=3641"},{"taxonomy":"post_tag","embeddable":true,"href":"https:\/\/willizblog.de\/index.php?rest_route=%2Fwp%2Fv2%2Ftags&post=3641"}],"curies":[{"name":"wp","href":"https:\/\/api.w.org\/{rel}","templated":true}]}}