{"id":370,"date":"2006-01-27T04:40:02","date_gmt":"2006-01-27T03:40:02","guid":{"rendered":"http:\/\/www.albinz.de\/blog\/?p=370"},"modified":"2010-11-17T09:08:58","modified_gmt":"2010-11-17T08:08:58","slug":"happy-birthday-amadeus","status":"publish","type":"post","link":"https:\/\/willizblog.de\/?p=370","title":{"rendered":"Happy birthday, Amadeus!"},"content":{"rendered":"<table cellspacing=\"0\" cellpadding=\"5\" width=\"100%\" border=\"0\">\n<tr>\n<td style=\"width: 50%\" align=\"center\"><img loading=\"lazy\" height=\"294\" alt=\"Wolfgang Amadeus Mozart\" src=\"https:\/\/www.willizblog.de\/albpics\/amadeus_mozart.jpg\" width=\"300\" border=\"0\" \/><\/td>\n<td style=\"width: 50%\" align=\"center\"><font face=\"Lucida Grande, Lucida Sans Unicode, Verdana, sans-serif\" size=\"2\">Heute vor 250 Jahren wurde der wohl weltweit gr\u00f6\u00dfte Musiker aller Zeiten in Salzburg geboren: <a href=\"http:\/\/www.mozart.at\/\" target=\"_blank\"><font color=\"#d5414c\">Wolfgang Amadeus Mozart<\/font><\/a><\/font><br \/>\n<font face=\"Lucida Grande, Lucida Sans Unicode, Verdana, sans-serif\" size=\"2\">Da kann man nur sein Glas erheben und dem Meister zuprosten:<\/font><br \/>\n<font face=\"Lucida Grande, Lucida Sans Unicode, Verdana, sans-serif\" size=\"2\">Happy birthday, Amadeus! Und alles Gute f\u00fcr die n\u00e4chsten 250 Jahre &#8211; dir und deiner Musik!<\/font><\/td>\n<\/tr>\n<tr>\n<td style=\"width: 50%\" align=\"center\"><img loading=\"lazy\" height=\"371\" alt=\"Mozarts Kleine Nachtmusik\" src=\"https:\/\/www.willizblog.de\/albpics\/mozart_kleine_nachtmusik.gif\" width=\"510\" border=\"0\" \/><\/td>\n<td style=\"width: 50%\" align=\"center\"><font face=\"Lucida Grande, Lucida Sans Unicode, Verdana, sans-serif\" size=\"2\">Alle Welt feiert ihn &#8211; selbst Google schm\u00fcckt sein Logo mit Per\u00fccke und Violinenschl\u00fcssel und einem <a href=\"http:\/\/www.google.de\/search?q=mozart\" target=\"_blank\"><font color=\"#d5414c\">Suchlink auf Mozart<\/font><\/a> &#8211; und so kommt man auf rund 27.400.000 Eintr\u00e4ge und mehr (43.600.000) im Internet zu Mozart &#8230; (Google ist auch nicht mehr, was es einmal war)<\/font><\/td>\n<\/tr>\n<\/table>\n<p>siehe auch meinen Beitrag zum Film &#8218;Amadeus&#8216; von Milos Forman: <a href=\"https:\/\/www.willizblog.de\/?p=347\">Amadeus, der Gr\u00f6\u00dfte<\/a><\/p>\n","protected":false},"excerpt":{"rendered":"<p>Heute vor 250 Jahren wurde der wohl weltweit gr\u00f6\u00dfte Musiker aller Zeiten in Salzburg geboren: Wolfgang Amadeus Mozart Da kann man nur sein Glas erheben und dem Meister zuprosten: Happy birthday, Amadeus! Und alles Gute f\u00fcr die n\u00e4chsten 250 Jahre &#8211; dir und deiner Musik! Alle Welt feiert ihn &#8211; selbst Google schm\u00fcckt sein Logo &hellip; <a href=\"https:\/\/willizblog.de\/?p=370\" class=\"more-link\"><span class=\"screen-reader-text\">Happy birthday, Amadeus!<\/span> weiterlesen <span class=\"meta-nav\">&rarr;<\/span><\/a><\/p>\n","protected":false},"author":1,"featured_media":0,"comment_status":"closed","ping_status":"closed","sticky":false,"template":"","format":"standard","meta":[],"categories":[5],"tags":[],"_links":{"self":[{"href":"https:\/\/willizblog.de\/index.php?rest_route=\/wp\/v2\/posts\/370"}],"collection":[{"href":"https:\/\/willizblog.de\/index.php?rest_route=\/wp\/v2\/posts"}],"about":[{"href":"https:\/\/willizblog.de\/index.php?rest_route=\/wp\/v2\/types\/post"}],"author":[{"embeddable":true,"href":"https:\/\/willizblog.de\/index.php?rest_route=\/wp\/v2\/users\/1"}],"replies":[{"embeddable":true,"href":"https:\/\/willizblog.de\/index.php?rest_route=%2Fwp%2Fv2%2Fcomments&post=370"}],"version-history":[{"count":0,"href":"https:\/\/willizblog.de\/index.php?rest_route=\/wp\/v2\/posts\/370\/revisions"}],"wp:attachment":[{"href":"https:\/\/willizblog.de\/index.php?rest_route=%2Fwp%2Fv2%2Fmedia&parent=370"}],"wp:term":[{"taxonomy":"category","embeddable":true,"href":"https:\/\/willizblog.de\/index.php?rest_route=%2Fwp%2Fv2%2Fcategories&post=370"},{"taxonomy":"post_tag","embeddable":true,"href":"https:\/\/willizblog.de\/index.php?rest_route=%2Fwp%2Fv2%2Ftags&post=370"}],"curies":[{"name":"wp","href":"https:\/\/api.w.org\/{rel}","templated":true}]}}