{"id":3704,"date":"2010-12-14T10:26:57","date_gmt":"2010-12-14T09:26:57","guid":{"rendered":"http:\/\/www.willizblog.de\/?p=3704"},"modified":"2010-12-14T08:30:43","modified_gmt":"2010-12-14T07:30:43","slug":"fast-unterschlagene-beitrage-%e2%80%93-teil-27","status":"publish","type":"post","link":"https:\/\/willizblog.de\/?p=3704","title":{"rendered":"(Fast) unterschlagene Beitr\u00e4ge \u2013 Teil 27"},"content":{"rendered":"<p><a href=\"http:\/\/www.heute.de\/ZDFheute\/inhalt\/3\/0,3672,8164259,00.html\" target=\"_blank\"><strong>Facebook und Apple gef\u00e4hrden das Web<\/strong><\/a><\/p>\n<p>Das World Wide Web feiert 20. Geburtstag. Im Dezember 1990 ging der erste Server online. Einer der ersten, die zum Jubil\u00e4um gratulierten, war Tim <a href=\"https:\/\/de.wikipedia.org\/wiki\/Tim_Berners-Lee\" target=\"_blank\">Berners-Lee<\/a>, &#8222;Vater&#8220; des WWW. In Feierlaune ist er aber nicht: Das Web sei in Gefahr, warnt Berners-Lee.<\/p>\n<p>Facebook habe sich und seine Datensch\u00e4tze vom Rest des WWW v\u00f6llig abgeschottet, sagt Berners-Lee. Zugriff habe nur, wer bei Facebook registriert sei. Kein Wunder: Facebook ist ein Wirtschaftsunternehmen, und die Nutzerdaten sind das einzige Kapital, das Facebook hat.<\/p>\n<p>Genauso hart geht Berners-Lee mit Apple ins Gericht. Auch Apple schotte sich mit seinem Musikladen iTunes vom Rest des WWW aus wirtschaftlichen Gr\u00fcnden ab.<\/p>\n<p><a href=\"http:\/\/www.zdf.de\/ZDFmediathek\/content\/1213724\" target=\"_blank\"><strong>Selbstherrlicher Westerwelle<\/strong><\/a><\/p>\n<p>Die FDP im Verfall, wie es Kritiker sagen? An Guido Westerwelle perlt dies ab. Der Parteichef sagt im ZDF: Die FDP werde die &#8222;Fr\u00fcchte f\u00fcr ihre mutige Politik noch ernten&#8220;. Doch die Basis wei\u00df nicht mehr recht, wo sie hingeh\u00f6rt.<\/p>\n<p>Es sieht so aus, als sei Westerwelle doch nicht so ideenlos, <a href=\"http:\/\/www.heute.de\/ZDFheute\/inhalt\/19\/0,3672,8162419,00.html\" target=\"_blank\">wie ihn US-Botschafter Murphy sieht<\/a>: Das mit  der \u00fcbersch\u00e4umenden Pers\u00f6nlichkeit mit gro\u00dfem Geltungsdrang scheint aber zu stimmen.<\/p>\n<p><a href=\"http:\/\/www.heute.de\/ZDFheute\/inhalt\/13\/0,3672,8165325,00.html\" target=\"_blank\"><strong>Regierung sieht Krebs-Rate offenbar als Zufall<\/strong><\/a><\/p>\n<p>Die Anzahl der Krebsf\u00e4lle rund um das marode Atomlager Asse liegen \u00fcber dem Durchschnitt &#8211; einen Zusammenhang hat die Bundesregierung nun einem Bericht zufolge ausgeschlossen. Sie erkl\u00e4rte demnach die Erkrankungsrate mit &#8222;statistischen Zuf\u00e4llen&#8220;.<\/p>\n<p>Ist das die mutige Politik, wie sie Herr Westerwelle beschw\u00f6rt? Was der Bundesregierung nicht passt, das wird geleugnet, wenn es sich schon nicht unter den Teppich kehren l\u00e4sst. Bravo!<\/p>\n<p><a href=\"http:\/\/www.heute.de\/ZDFheute\/inhalt\/24\/0,3672,8128184,00.html\" target=\"_blank\"><strong>Spekulanten zocken, Arme hungern<\/strong><\/a><\/p>\n<p>Gr\u00fcnes Gold: An den Warenterminb\u00f6rsen erreichen die Preise von Agrarrohstoffen immer neue H\u00f6hen. Weizen, Raps und Mais sind f\u00fcr Entwicklungsl\u00e4nder kaum noch zu bezahlen. Aber was k\u00fcmmern uns die Armen dieser Welt. Es gibt Wichtigeres: Globale Wachstumssorgen, W\u00e4hrungsstreitigkeiten und strengere Vorgaben f\u00fcr Banken zum Beispiel. Frohe Weihnachten!<\/p>\n<p><a href=\"http:\/\/www.heute.de\/ZDFheute\/inhalt\/30\/0,3672,30,00.html\" target=\"_blank\"><strong>Regionalverkehr-Tickets wieder teurer<\/strong><\/a><\/p>\n<p>P\u00fcnktlich zum Fahrplanwechsel der Deutschen Bahn wurden die Fahrscheine f\u00fcr Nah- und Regionalz\u00fcge um durchschnittlich 1,9 Prozent teurer. Allerdings verzichtet das Unternehmen auf eine Erh\u00f6hung der Preise im Fernverkehr &#8211; erstmals seit acht Jahren. Es gen\u00fcgt, die Pendler abzuzocken.<\/p>\n","protected":false},"excerpt":{"rendered":"<p>Facebook und Apple gef\u00e4hrden das Web Das World Wide Web feiert 20. Geburtstag. Im Dezember 1990 ging der erste Server online. Einer der ersten, die zum Jubil\u00e4um gratulierten, war Tim Berners-Lee, &#8222;Vater&#8220; des WWW. In Feierlaune ist er aber nicht: Das Web sei in Gefahr, warnt Berners-Lee. Facebook habe sich und seine Datensch\u00e4tze vom Rest &hellip; <a href=\"https:\/\/willizblog.de\/?p=3704\" class=\"more-link\"><span class=\"screen-reader-text\">(Fast) unterschlagene Beitr\u00e4ge \u2013 Teil 27<\/span> weiterlesen <span class=\"meta-nav\">&rarr;<\/span><\/a><\/p>\n","protected":false},"author":1,"featured_media":0,"comment_status":"open","ping_status":"open","sticky":false,"template":"","format":"standard","meta":[],"categories":[22,8,12,2],"tags":[],"_links":{"self":[{"href":"https:\/\/willizblog.de\/index.php?rest_route=\/wp\/v2\/posts\/3704"}],"collection":[{"href":"https:\/\/willizblog.de\/index.php?rest_route=\/wp\/v2\/posts"}],"about":[{"href":"https:\/\/willizblog.de\/index.php?rest_route=\/wp\/v2\/types\/post"}],"author":[{"embeddable":true,"href":"https:\/\/willizblog.de\/index.php?rest_route=\/wp\/v2\/users\/1"}],"replies":[{"embeddable":true,"href":"https:\/\/willizblog.de\/index.php?rest_route=%2Fwp%2Fv2%2Fcomments&post=3704"}],"version-history":[{"count":0,"href":"https:\/\/willizblog.de\/index.php?rest_route=\/wp\/v2\/posts\/3704\/revisions"}],"wp:attachment":[{"href":"https:\/\/willizblog.de\/index.php?rest_route=%2Fwp%2Fv2%2Fmedia&parent=3704"}],"wp:term":[{"taxonomy":"category","embeddable":true,"href":"https:\/\/willizblog.de\/index.php?rest_route=%2Fwp%2Fv2%2Fcategories&post=3704"},{"taxonomy":"post_tag","embeddable":true,"href":"https:\/\/willizblog.de\/index.php?rest_route=%2Fwp%2Fv2%2Ftags&post=3704"}],"curies":[{"name":"wp","href":"https:\/\/api.w.org\/{rel}","templated":true}]}}