{"id":3710,"date":"2010-12-15T10:40:07","date_gmt":"2010-12-15T09:40:07","guid":{"rendered":"http:\/\/www.willizblog.de\/?p=3710"},"modified":"2010-12-15T08:43:22","modified_gmt":"2010-12-15T07:43:22","slug":"langsam-zur-ruhe-kommen","status":"publish","type":"post","link":"https:\/\/willizblog.de\/?p=3710","title":{"rendered":"Langsam zur Ruhe kommen &#8230;"},"content":{"rendered":"<p>Heute beginnt meine letzte, die ein Wochenende einbeziehende Arbeitswoche in diesem Jahr. Von Weihnachtsstimmung kann angesichts der noch bestehenden Jahresendhektik keine Rede sein. Aber mag es der Schnee drau\u00dfen sein, der auch die Sinne bes\u00e4nftigt, oder die durch die K\u00e4lte hervorgerufene M\u00fcdigkeit: Ich komme so langsam zur Ruhe.<\/p>\n<p>Es sind nur noch wenige Tage bis Weihnachten und die <a href=\"https:\/\/www.willizblog.de\/?p=2508\" target=\"_blank\">Zeit zwischen den Jahren<\/a>, die die sch\u00f6nste des Jahres sein kann, wenn es einem gelingt, sich von all den Einfl\u00fcssen, die in diesem Jahr auf einen eingestr\u00f6mt sind, zu befreien. Es sollte die Zeit der Ruhe, auch des bewussten <a href=\"https:\/\/de.wikipedia.org\/wiki\/Genuss\" target=\"_blank\">Genie\u00dfens<\/a> sein. Genie\u00dfen kommt von \u201aetwas nutzen\u2019. Und wer etwas bewusst genie\u00dft, hat davon einen wirklichen Nutzen. Ich meine nicht nur den kulinarischen Genuss (denn allerdings auch), ich denke auch an geistigen Genuss, an gute Musik oder einen guten Film. Die kurzen, kalten Tage dieser Jahreszeit laden dazu ein. Nat\u00fcrlich sollten auch die geruhsamen Tage im Kreis unserer Lieben genossen werden. Und den Winter sollte man genie\u00dfen, wenn denn die Tage in dieser Hinsicht genie\u00dfbar sein werden.<\/p>\n<p>Ein Blick heute schon auf die <a href=\"http:\/\/www.wetter.com\/wetter_aktuell\/wettervorhersage\/16_tagesvorhersage\/?id=DE0010561\" target=\"_blank\">Wetterprognose f\u00fcr Weihnachten<\/a> verhei\u00dft zun\u00e4chst weitere Tage der K\u00e4lte und (ab morgen) auch des Schneefalls. Zu Weihnachten selbst soll es wohl w\u00e4rmer werden, aber trocken bleiben und sogar teilweise leicht bew\u00f6lkt nur sein. Kommt also bis Weihnachten noch Schnee hinzu, dann sollte es wirklich eine wei\u00dfe Weihnacht (auch hier im Norden Deutschlands) werden: Wenn das keine Einladung zu einem sch\u00f6nen Winterspaziergang ist!<\/p>\n<p>Eben bin ich auf eine interessante Seite mit Bildern vom <a href=\"http:\/\/www.scribd.com\/doc\/45259239\/Winter-in-Russia\" target=\"_blank\">Winter in Russland<\/a> gesto\u00dfen. Wenn wir uns \u00fcber zu viel Schnee beklagen sollten, dann sollten wir uns diese Bilder vor Augen halten; solche Massen an Schnee werden wir mit Sicherheit nicht bekommen:<\/p>\n<table border=\"0\" cellpadding=\"4\" cellspacing=\"0\" width=\"100%\">\n<tr>\n<td width=\"100%\">\n<p align=\"center\"><img loading=\"lazy\" border=\"0\" src=\"http:\/\/htmlimg2.scribdassets.com\/5y2qfrh01ssj8yv\/images\/2-e1a4c054de.jpg\" width=\"540\" height=\"405\" alt=\"Winter in Russland\"><\/td>\n<\/tr>\n<tr>\n<td width=\"100%\">\n<p align=\"center\"><img loading=\"lazy\" border=\"0\" src=\"http:\/\/htmlimg4.scribdassets.com\/5y2qfrh01ssj8yv\/images\/16-974593d73b.jpg\" width=\"540\" height=\"405\" alt=\"Winter in Russland\"><\/td>\n<\/tr>\n<tr>\n<td width=\"100%\">\n<p align=\"center\"><font face=\"Lucida Grande, Lucida Sans Unicode, Verdana, sans-serif\" size=\"2\">Schneemassen: Winter in Russland<\/font><\/td>\n<\/tr>\n<tr>\n<td width=\"100%\">\n<p align=\"center\"><img loading=\"lazy\" border=\"0\" src=\"http:\/\/htmlimg4.scribdassets.com\/5y2qfrh01ssj8yv\/images\/14-fea1dc1b3a.jpg\" width=\"540\" height=\"405\" alt=\"Winter in Russland\"><\/td>\n<\/tr>\n<\/table>\n<p>Also noch wenige Tage Arbeit warten auf uns. Lassen wir diese ruhig angehen (soweit das m\u00f6glich ist) und freuen uns auf ein sch\u00f6nes Weihnachtsfest und die Tage danach.<\/p>\n","protected":false},"excerpt":{"rendered":"<p>Heute beginnt meine letzte, die ein Wochenende einbeziehende Arbeitswoche in diesem Jahr. Von Weihnachtsstimmung kann angesichts der noch bestehenden Jahresendhektik keine Rede sein. Aber mag es der Schnee drau\u00dfen sein, der auch die Sinne bes\u00e4nftigt, oder die durch die K\u00e4lte hervorgerufene M\u00fcdigkeit: Ich komme so langsam zur Ruhe. Es sind nur noch wenige Tage bis &hellip; <a href=\"https:\/\/willizblog.de\/?p=3710\" class=\"more-link\"><span class=\"screen-reader-text\">Langsam zur Ruhe kommen &#8230;<\/span> weiterlesen <span class=\"meta-nav\">&rarr;<\/span><\/a><\/p>\n","protected":false},"author":1,"featured_media":0,"comment_status":"open","ping_status":"open","sticky":false,"template":"","format":"standard","meta":[],"categories":[16,33],"tags":[],"_links":{"self":[{"href":"https:\/\/willizblog.de\/index.php?rest_route=\/wp\/v2\/posts\/3710"}],"collection":[{"href":"https:\/\/willizblog.de\/index.php?rest_route=\/wp\/v2\/posts"}],"about":[{"href":"https:\/\/willizblog.de\/index.php?rest_route=\/wp\/v2\/types\/post"}],"author":[{"embeddable":true,"href":"https:\/\/willizblog.de\/index.php?rest_route=\/wp\/v2\/users\/1"}],"replies":[{"embeddable":true,"href":"https:\/\/willizblog.de\/index.php?rest_route=%2Fwp%2Fv2%2Fcomments&post=3710"}],"version-history":[{"count":0,"href":"https:\/\/willizblog.de\/index.php?rest_route=\/wp\/v2\/posts\/3710\/revisions"}],"wp:attachment":[{"href":"https:\/\/willizblog.de\/index.php?rest_route=%2Fwp%2Fv2%2Fmedia&parent=3710"}],"wp:term":[{"taxonomy":"category","embeddable":true,"href":"https:\/\/willizblog.de\/index.php?rest_route=%2Fwp%2Fv2%2Fcategories&post=3710"},{"taxonomy":"post_tag","embeddable":true,"href":"https:\/\/willizblog.de\/index.php?rest_route=%2Fwp%2Fv2%2Ftags&post=3710"}],"curies":[{"name":"wp","href":"https:\/\/api.w.org\/{rel}","templated":true}]}}