{"id":3731,"date":"2010-12-20T12:20:47","date_gmt":"2010-12-20T11:20:47","guid":{"rendered":"http:\/\/www.willizblog.de\/?p=3731"},"modified":"2010-12-20T12:20:47","modified_gmt":"2010-12-20T11:20:47","slug":"schlimmer-geht-immer","status":"publish","type":"post","link":"https:\/\/willizblog.de\/?p=3731","title":{"rendered":"Schlimmer geht immer"},"content":{"rendered":"<p>Das Jahr geht dem Ende entgegen und ich kann nur sagen: Gottlob, denn es war in vielerlei Hinsicht ein mieses Jahr, ein echtes Schei\u00dfjahr. Nat\u00fcrlich hoffe ich, dass das n\u00e4chste Jahr besser wird, aber \u2013 wie mein Bruder so gern sagt: Schlimmer geht immer! Kann\u2019s aber wirklich noch schlimmer kommen?<\/p>\n<p>Ich will mich erst gar nicht \u00fcber all die privaten Sorgen und N\u00f6te hier auslassen. Meiner Frau geht es nach ihrer Erkrankung wieder ganz gut \u2013 das ist das Wichtigste! Und so k\u00f6nnen wir Weihnachten in Ruhe und auch wieder in etwas mehr Zufriedenheit erleben.<\/p>\n<p>Das Wetter ist zz. wirklich winterlich. Nach dem Schnee haben wir jetzt Frost. Aber schon ab Mittwochabend soll es regnen (gefrierend), um am Heiligabend wieder in Schnee \u00fcberzugehen. Mit Einschr\u00e4nkungen k\u00f6nnte es <a href=\"http:\/\/blog.wetter.com\/?p=66448\" target=\"_blank\">eine wei\u00dfe Weihnacht<\/a> werden. Froh bin ich dar\u00fcber, dass ich nur noch heute und morgen arbeiten muss (auch meine beiden S\u00f6hne haben ab Mittwoch frei), denn was uns die Bahn, und bei uns die <a href=\"http:\/\/www.der-metronom.de\/\" target=\"_blank\">Metronom Eisenbahngesellschaft mbH<\/a>, zumutet, <a href=\"http:\/\/www.redensarten-index.de\/suche.php?suchbegriff=~~etwas%20geht%20auf%20keine%20Kuhhaut&#038;suchspalte[]=rart_ou\" target=\"_blank\">\u201adas geht auf keine Kuhhaut\u2019<\/a>. Nat\u00fcrlich liegt es am Wetter und es liegt an den Sch\u00f6nwetterz\u00fcgen, die f\u00fcr diese Witterungsbedingungen einfach nicht ausgelegt sind und am laufenden Band \u201astreiken\u2019. Erst heute Morgen blieb mein Zug liegen, erreichte \u201amit knapper Not\u2019 noch den n\u00e4chsten Bahnhof, von dem ich mit dem n\u00e4chsten, bereits \u00fcberf\u00fcllten Zug, der nat\u00fcrlich hat schon \u00fcber 10 Minuten Versp\u00e4tung hatte, weiterfahren konnte. Oder am Freitag, der sich am Hamburger Hauptbahnhof zur Mittagszeit auch an w\u00e4rmeren Tagen als Chaostag entpuppt, ging teilweise gar nichts mehr. Bedenkt man, dass der Winter erst anf\u00e4ngt, dann kann man nur das Schlimmste bef\u00fcrchten, denn: Schlimmer geht wirklich immer. Nat\u00fcrlich ist das nichts dagegen, was Fahrg\u00e4ste letzten Donnerstag auf der Fahrt von Hamburg nach L\u00fcbeck erlebten, als sie <a href=\"http:\/\/www.ndr.de\/fernsehen\/sendungen\/s-h_magazin\/media\/shmag7477.html\" target=\"_blank\">stundenlang im Zug ohne Strom<\/a> ausharren mussten.<\/p>\n<p>Dass die Fans des Fu\u00dfballbundesligisten Werder Bremen in dieser Saison auf eine harte Probe gestellt werden, habe ich bereits an anderer Stelle erw\u00e4hnt (<a href=\"https:\/\/www.willizblog.de\/?p=3568\" target=\"_blank\">Die fetten Jahre sind vorbei<\/a>). Auch wenn der Abschluss in der Champions League Gruppenphase mit dem 3:0-Sieg gegen den Titelverteidiger Inter Mailand immerhin vers\u00f6hnlich war , ausgeschieden ist man damit trotzdem aus allen laufenden Pokalwettbewerben. Und in der Bundesliga selbst, auf die sich die Mannschaft jetzt beschr\u00e4nken darf, l\u00e4uft auch nicht viel. Zur Halbzeit ist es ein f\u00fcr Bremer Verh\u00e4ltnisse kl\u00e4glicher 14. Tabellenplatz \u2013 knappe 4 Punkte von einem Aufstiegsplatz entfernt und satte 24 Punkte von der Tabellenspitze. Werder Bremen steht im Abstiegskampf, da gibt es nichts mehr zu leugnen. Geht\u2019s hier im n\u00e4chsten Jahr vielleicht noch schlimmer?<\/p>\n<p>Ach ja, <a href=\"https:\/\/www.willizblog.de\/?p=3710\" target=\"_blank\">Weihnachten steht vor der T\u00fcr<\/a> \u2013 und einige freie Tage. Da kann mich Werder und der Fu\u00dfball \u201agern haben\u2019 und ich werde einen gro\u00dfen Bogen um Bahn und Busse machen. Wenigstens f\u00fcr diese wenigen Tagen wird alles wieder gut.<\/p>\n","protected":false},"excerpt":{"rendered":"<p>Das Jahr geht dem Ende entgegen und ich kann nur sagen: Gottlob, denn es war in vielerlei Hinsicht ein mieses Jahr, ein echtes Schei\u00dfjahr. Nat\u00fcrlich hoffe ich, dass das n\u00e4chste Jahr besser wird, aber \u2013 wie mein Bruder so gern sagt: Schlimmer geht immer! Kann\u2019s aber wirklich noch schlimmer kommen? Ich will mich erst gar &hellip; <a href=\"https:\/\/willizblog.de\/?p=3731\" class=\"more-link\"><span class=\"screen-reader-text\">Schlimmer geht immer<\/span> weiterlesen <span class=\"meta-nav\">&rarr;<\/span><\/a><\/p>\n","protected":false},"author":1,"featured_media":0,"comment_status":"open","ping_status":"open","sticky":false,"template":"","format":"standard","meta":[],"categories":[22,27,33],"tags":[],"_links":{"self":[{"href":"https:\/\/willizblog.de\/index.php?rest_route=\/wp\/v2\/posts\/3731"}],"collection":[{"href":"https:\/\/willizblog.de\/index.php?rest_route=\/wp\/v2\/posts"}],"about":[{"href":"https:\/\/willizblog.de\/index.php?rest_route=\/wp\/v2\/types\/post"}],"author":[{"embeddable":true,"href":"https:\/\/willizblog.de\/index.php?rest_route=\/wp\/v2\/users\/1"}],"replies":[{"embeddable":true,"href":"https:\/\/willizblog.de\/index.php?rest_route=%2Fwp%2Fv2%2Fcomments&post=3731"}],"version-history":[{"count":0,"href":"https:\/\/willizblog.de\/index.php?rest_route=\/wp\/v2\/posts\/3731\/revisions"}],"wp:attachment":[{"href":"https:\/\/willizblog.de\/index.php?rest_route=%2Fwp%2Fv2%2Fmedia&parent=3731"}],"wp:term":[{"taxonomy":"category","embeddable":true,"href":"https:\/\/willizblog.de\/index.php?rest_route=%2Fwp%2Fv2%2Fcategories&post=3731"},{"taxonomy":"post_tag","embeddable":true,"href":"https:\/\/willizblog.de\/index.php?rest_route=%2Fwp%2Fv2%2Ftags&post=3731"}],"curies":[{"name":"wp","href":"https:\/\/api.w.org\/{rel}","templated":true}]}}