{"id":3735,"date":"2010-12-21T10:53:12","date_gmt":"2010-12-21T09:53:12","guid":{"rendered":"http:\/\/www.willizblog.de\/?p=3735"},"modified":"2010-12-21T08:54:47","modified_gmt":"2010-12-21T07:54:47","slug":"spate-reisende","status":"publish","type":"post","link":"https:\/\/willizblog.de\/?p=3735","title":{"rendered":"Sp\u00e4te Reisende"},"content":{"rendered":"<p>Unser kleines \u00d6rtchen zeichnet sich als <a href=\"https:\/\/www.willizblog.de\/?p=976\" target=\"_blank\">Einflugschneise<\/a> f\u00fcr zahlreiche Zugv\u00f6gel aus. Aber so sp\u00e4t noch im Jahr wundert es einen schon, wenn pl\u00f6tzlich lautes Geschnatter am Himmel zu vernehmen ist. Immerhin sind es viele Grad unter null, wenn auch der Himmel, wie am letzten Samstag, wolkenlos und klar erscheint. Ja, da fliegen letzte sp\u00e4te Reisende gen S\u00fcden, wo es um einiges w\u00e4rmer ist als jetzt hier. Man h\u00e4tte Lust, mit ihnen zu ziehen.<\/p>\n<table border=\"0\" cellpadding=\"4\" cellspacing=\"0\" width=\"100%\">\n<tr>\n<td width=\"50%\">\n<p align=\"center\"><img loading=\"lazy\" border=\"0\" src=\"https:\/\/www.willizblog.de\/blogpicts\/winter_2010_zug01.jpg\" alt=\"Zugv\u00f6gel: Ab in den warmen S\u00fcden\" width=\"270\" height=\"203\"><\/td>\n<td width=\"50%\">\n<p align=\"center\"><img loading=\"lazy\" border=\"0\" src=\"https:\/\/www.willizblog.de\/blogpicts\/winter_2010_zug03.jpg\" alt=\"Zugv\u00f6gel: Ab in den warmen S\u00fcden\" width=\"203\" height=\"270\"><\/td>\n<\/tr>\n<tr>\n<td width=\"100%\" colspan=\"2\">\n<p align=\"center\"><font face=\"Lucida Grande, Lucida Sans Unicode, Verdana, sans-serif\" size=\"2\">Zugv\u00f6gel: Ab in den warmen S\u00fcden<\/font><\/td>\n<\/tr>\n<tr>\n<td width=\"50%\">\n<p align=\"center\"><img loading=\"lazy\" border=\"0\" src=\"https:\/\/www.willizblog.de\/blogpicts\/winter_2010_zug02.jpg\" alt=\"Zugv\u00f6gel: Ab in den warmen S\u00fcden\" width=\"203\" height=\"270\"><\/td>\n<td width=\"50%\">\n<p align=\"center\"><img loading=\"lazy\" border=\"0\" src=\"https:\/\/www.willizblog.de\/blogpicts\/winter_2010_zug04.jpg\" alt=\"Zugv\u00f6gel: Ab in den warmen S\u00fcden\" width=\"202\" height=\"270\"><\/td>\n<\/tr>\n<\/table>\n","protected":false},"excerpt":{"rendered":"<p>Unser kleines \u00d6rtchen zeichnet sich als Einflugschneise f\u00fcr zahlreiche Zugv\u00f6gel aus. Aber so sp\u00e4t noch im Jahr wundert es einen schon, wenn pl\u00f6tzlich lautes Geschnatter am Himmel zu vernehmen ist. Immerhin sind es viele Grad unter null, wenn auch der Himmel, wie am letzten Samstag, wolkenlos und klar erscheint. Ja, da fliegen letzte sp\u00e4te Reisende &hellip; <a href=\"https:\/\/willizblog.de\/?p=3735\" class=\"more-link\"><span class=\"screen-reader-text\">Sp\u00e4te Reisende<\/span> weiterlesen <span class=\"meta-nav\">&rarr;<\/span><\/a><\/p>\n","protected":false},"author":1,"featured_media":0,"comment_status":"open","ping_status":"open","sticky":false,"template":"","format":"standard","meta":[],"categories":[11,20],"tags":[196,446,194,195],"_links":{"self":[{"href":"https:\/\/willizblog.de\/index.php?rest_route=\/wp\/v2\/posts\/3735"}],"collection":[{"href":"https:\/\/willizblog.de\/index.php?rest_route=\/wp\/v2\/posts"}],"about":[{"href":"https:\/\/willizblog.de\/index.php?rest_route=\/wp\/v2\/types\/post"}],"author":[{"embeddable":true,"href":"https:\/\/willizblog.de\/index.php?rest_route=\/wp\/v2\/users\/1"}],"replies":[{"embeddable":true,"href":"https:\/\/willizblog.de\/index.php?rest_route=%2Fwp%2Fv2%2Fcomments&post=3735"}],"version-history":[{"count":0,"href":"https:\/\/willizblog.de\/index.php?rest_route=\/wp\/v2\/posts\/3735\/revisions"}],"wp:attachment":[{"href":"https:\/\/willizblog.de\/index.php?rest_route=%2Fwp%2Fv2%2Fmedia&parent=3735"}],"wp:term":[{"taxonomy":"category","embeddable":true,"href":"https:\/\/willizblog.de\/index.php?rest_route=%2Fwp%2Fv2%2Fcategories&post=3735"},{"taxonomy":"post_tag","embeddable":true,"href":"https:\/\/willizblog.de\/index.php?rest_route=%2Fwp%2Fv2%2Ftags&post=3735"}],"curies":[{"name":"wp","href":"https:\/\/api.w.org\/{rel}","templated":true}]}}