{"id":375,"date":"2006-02-03T13:45:07","date_gmt":"2006-02-03T12:45:07","guid":{"rendered":"http:\/\/www.albinz.de\/blog\/?p=375"},"modified":"2007-03-01T12:33:42","modified_gmt":"2007-03-01T10:33:42","slug":"also-sprach-schincklass-mozart","status":"publish","type":"post","link":"https:\/\/willizblog.de\/?p=375","title":{"rendered":"Also sprach Schincklass &#8211; Mozart"},"content":{"rendered":"<p>Dieser Tag weilte Schincklass im Weinkeller um die Ecke und nippte an einem guten Tropfen. Da kam ein junger Mann auf ihn zu und sprach ihn an. Er sei doch sicherlich auch einer dieser Mozart-Freaks und warum alle Welt einen solchen Zirkus um den mache. Schincklass schwieg und so sprach der junge Mann weiter. Also er f\u00e4nde Mozart langweilig. Der h\u00e4tte keinen Drive. \u00dcberhaupt was bringe diese Musik heute noch. Die ganze Klassik sei nur eingestaubt und werde gerade einmal von alten Herren und Damen geh\u00f6rt. Und mit deren Aussterben sei es auch mit Mozarts Musik dahin. Die heutige Musik hat andere Wurzeln, das sei eine Weltmusik und z.B. ohne den Einfluss Afrikas gar nicht zu denken. Rock \u2019n\u2019 Roll, das sei Musik. Nicht aber dies Gegeige und Gefl\u00f6te und Ariengejaule.<\/p>\n<p>Schincklass musste l\u00e4cheln. Nach einer kurzen Pause sprach er dann: Guter Freund, nichts gegen Afrika und seine Musik, aber dein Rock \u2019n\u2019 Roll hat viele Quellen. Und neben den afrikanischen Wurzeln spielt auch Europa und damit Mozart eine nicht unerhebliche Rolle dabei. Glaub mir: Ohne Mozart w\u00e4re auch dein Rock \u2019n\u2019 Roll nicht m\u00f6glich. Und was h\u00e4ltst du von folgender \u00dcberlegung: Mozart heute?! Was w\u00e4re, wenn Mozart heute leben w\u00fcrde? Ich bin mir zwar nicht sicher, aber ich glaube schon, dass Mozart heute einer der gr\u00f6\u00dften Rock \u2019n\u2019 Roller w\u00e4re, den die Welt kennt. Nat\u00fcrlich ist diese Spekulation m\u00fc\u00dfig. Aber schon zu Lebzeiten, also vor \u00fcber 200 Jahren, da war Mozart das, was heute vielleicht die Punks sind. Ja, ich behaupte, Mozart war der erste Punk. Er hat sich auch nicht um Konventionen geschert.<\/p>\n<p>Jetzt l\u00e4chelte auch der junge Mann: Ist schon gut. Gleich behaupten Sie noch, Mozart h\u00e4tte sein Klavier auf der B\u00fchne auch zu Kleinholz verarbeitet &#8230;<\/p>\n<p>Schincklass dazu: Darauf ist Mozart wohl nicht gekommen. Aber als dramaturgischen Einfall h\u00e4tte er es vielleicht nutzen k\u00f6nnen!<\/p>\n<p>Also sprach Schincklass!<\/p>\n","protected":false},"excerpt":{"rendered":"<p>Dieser Tag weilte Schincklass im Weinkeller um die Ecke und nippte an einem guten Tropfen. Da kam ein junger Mann auf ihn zu und sprach ihn an. Er sei doch sicherlich auch einer dieser Mozart-Freaks und warum alle Welt einen solchen Zirkus um den mache. Schincklass schwieg und so sprach der junge Mann weiter. Also &hellip; <a href=\"https:\/\/willizblog.de\/?p=375\" class=\"more-link\"><span class=\"screen-reader-text\">Also sprach Schincklass &#8211; Mozart<\/span> weiterlesen <span class=\"meta-nav\">&rarr;<\/span><\/a><\/p>\n","protected":false},"author":1,"featured_media":0,"comment_status":"closed","ping_status":"closed","sticky":false,"template":"","format":"standard","meta":[],"categories":[35],"tags":[],"_links":{"self":[{"href":"https:\/\/willizblog.de\/index.php?rest_route=\/wp\/v2\/posts\/375"}],"collection":[{"href":"https:\/\/willizblog.de\/index.php?rest_route=\/wp\/v2\/posts"}],"about":[{"href":"https:\/\/willizblog.de\/index.php?rest_route=\/wp\/v2\/types\/post"}],"author":[{"embeddable":true,"href":"https:\/\/willizblog.de\/index.php?rest_route=\/wp\/v2\/users\/1"}],"replies":[{"embeddable":true,"href":"https:\/\/willizblog.de\/index.php?rest_route=%2Fwp%2Fv2%2Fcomments&post=375"}],"version-history":[{"count":0,"href":"https:\/\/willizblog.de\/index.php?rest_route=\/wp\/v2\/posts\/375\/revisions"}],"wp:attachment":[{"href":"https:\/\/willizblog.de\/index.php?rest_route=%2Fwp%2Fv2%2Fmedia&parent=375"}],"wp:term":[{"taxonomy":"category","embeddable":true,"href":"https:\/\/willizblog.de\/index.php?rest_route=%2Fwp%2Fv2%2Fcategories&post=375"},{"taxonomy":"post_tag","embeddable":true,"href":"https:\/\/willizblog.de\/index.php?rest_route=%2Fwp%2Fv2%2Ftags&post=375"}],"curies":[{"name":"wp","href":"https:\/\/api.w.org\/{rel}","templated":true}]}}