{"id":3752,"date":"2010-12-26T14:15:13","date_gmt":"2010-12-26T13:15:13","guid":{"rendered":"http:\/\/www.willizblog.de\/?p=3752"},"modified":"2010-12-26T14:15:13","modified_gmt":"2010-12-26T13:15:13","slug":"weihnachten-bei-albinz-2010","status":"publish","type":"post","link":"https:\/\/willizblog.de\/?p=3752","title":{"rendered":"Weihnachten bei AlbinZ 2010"},"content":{"rendered":"<p>Wer hat nicht seine kleinen Br\u00e4uche zu Weihnachten? Bei uns geh\u00f6rt auf jeden Fall ein Weihnachtsbaum dazu \u2013 nicht erst, seitdem wir Kinder haben, die inzwischen gro\u00df geworden sind. Am Wochenende vor Heiligabend f\u00e4hrt meine Frau mit unseren beiden S\u00f6hnen nach <a href=\"https:\/\/de.wikipedia.org\/wiki\/Dohren_%28Nordheide%29\" target=\"_blank\">Dohren<\/a>-Gehege, um dort unseren Baum h\u00f6chst pers\u00f6nlich zu \u201aschlagen\u2019 \u2013 wie man sagt. Neben Bratwurst geh\u00f6rt ein Hektoliter Gl\u00fchwein dazu &#8230; Dieses Jahr haben wir einen besonders sch\u00f6nen Baum erwischt:<\/p>\n<p><img src=\"https:\/\/www.willizblog.de\/blogpicts\/weihnachtsbaum_albinz_2010.jpg\" alt=\"Weihnachtsbaum bei den AlbinZ 2010\" \/><\/p>\n<p>Und nach dem Gottesdienst (dieses Jahr um 16 Uhr 30) und dem Essen gegen 18 Uhr gibt es dann die \u201aBescherung\u2019. Seit einigen Jahren machen wir es ganz spannend: Wir verpacken die Geschenke gleich mehrmals und benutzen daf\u00fcr haupts\u00e4chlich altes Geschenkpapier u.\u00e4. Auf dem ersten Papier kommt der Name dessen, der das Geschenk wirklich erhalten soll. Auf den weiteren &#8218;Verpackungen&#8216; k\u00f6nnen dann die Namen der anderen stehen. Jetzt wird reihum gew\u00fcrfelt. Wer eine sechs (oder eins) w\u00fcrfelt, der darf sich ein Geschenk mit seinem Namen nehmen und es auspacken. Ist es ein weiteres Mal eingewickelt, so legt er das Geschenk zur\u00fcck. So geht das, bis alle Geschenke den eigentlich Beschenkten erreichen und von diesem ausgepackt wurden.<\/p>\n<p>Das Mehrfacheinpacken der Geschenke kommt traditionsgem\u00e4\u00df aus Schweden: Zum Julfest (Wintersonnenwende) schenkt man sich kleine Sachen (<a href=\"https:\/\/de.wikipedia.org\/wiki\/Julfest#Das_Julfest_in_der_Neuzeit\" target=\"_blank\">Julklapp<\/a>), die von unbekannten Gebern einfach in die gute Stube geworfen werden. Diese Geschenke verpackt man auch mehrmals (so kann sich ein zun\u00e4chst gro\u00dfer Karton am Ende als ganz kleines Geschenk entpuppen).<\/p>\n<p>siehe hierzu auch: <a href=\"https:\/\/www.willizblog.de\/?p=333\" target=\"_blank\">Weihnachten bei AlbinZ (2005)<\/a><\/p>\n","protected":false},"excerpt":{"rendered":"<p>Wer hat nicht seine kleinen Br\u00e4uche zu Weihnachten? Bei uns geh\u00f6rt auf jeden Fall ein Weihnachtsbaum dazu \u2013 nicht erst, seitdem wir Kinder haben, die inzwischen gro\u00df geworden sind. Am Wochenende vor Heiligabend f\u00e4hrt meine Frau mit unseren beiden S\u00f6hnen nach Dohren-Gehege, um dort unseren Baum h\u00f6chst pers\u00f6nlich zu \u201aschlagen\u2019 \u2013 wie man sagt. Neben &hellip; <a href=\"https:\/\/willizblog.de\/?p=3752\" class=\"more-link\"><span class=\"screen-reader-text\">Weihnachten bei AlbinZ 2010<\/span> weiterlesen <span class=\"meta-nav\">&rarr;<\/span><\/a><\/p>\n","protected":false},"author":1,"featured_media":0,"comment_status":"open","ping_status":"open","sticky":false,"template":"","format":"standard","meta":[],"categories":[28,33],"tags":[],"_links":{"self":[{"href":"https:\/\/willizblog.de\/index.php?rest_route=\/wp\/v2\/posts\/3752"}],"collection":[{"href":"https:\/\/willizblog.de\/index.php?rest_route=\/wp\/v2\/posts"}],"about":[{"href":"https:\/\/willizblog.de\/index.php?rest_route=\/wp\/v2\/types\/post"}],"author":[{"embeddable":true,"href":"https:\/\/willizblog.de\/index.php?rest_route=\/wp\/v2\/users\/1"}],"replies":[{"embeddable":true,"href":"https:\/\/willizblog.de\/index.php?rest_route=%2Fwp%2Fv2%2Fcomments&post=3752"}],"version-history":[{"count":0,"href":"https:\/\/willizblog.de\/index.php?rest_route=\/wp\/v2\/posts\/3752\/revisions"}],"wp:attachment":[{"href":"https:\/\/willizblog.de\/index.php?rest_route=%2Fwp%2Fv2%2Fmedia&parent=3752"}],"wp:term":[{"taxonomy":"category","embeddable":true,"href":"https:\/\/willizblog.de\/index.php?rest_route=%2Fwp%2Fv2%2Fcategories&post=3752"},{"taxonomy":"post_tag","embeddable":true,"href":"https:\/\/willizblog.de\/index.php?rest_route=%2Fwp%2Fv2%2Ftags&post=3752"}],"curies":[{"name":"wp","href":"https:\/\/api.w.org\/{rel}","templated":true}]}}