{"id":3755,"date":"2010-12-27T17:06:37","date_gmt":"2010-12-27T16:06:37","guid":{"rendered":"http:\/\/www.willizblog.de\/?p=3755"},"modified":"2010-12-27T13:13:34","modified_gmt":"2010-12-27T12:13:34","slug":"neue-vahr-sud-%e2%80%93-der-film","status":"publish","type":"post","link":"https:\/\/willizblog.de\/?p=3755","title":{"rendered":"Neue Vahr S\u00fcd \u2013 der Film"},"content":{"rendered":"<p>Am Mittwoch, den 1. Dezember, lief in der ARD die Verfilmung des gleichnamigen Bestsellers von Sven Regener: \u201eNeue Vahr S\u00fcd\u201c. Der gro\u00dfe WDR hatte den kleinsten Sender der ARD-Familie Radio Bremen als Co-Produzenten ins Boot geholt. Das ist irgendwie ein Muss. Der Roman \u201eNeue Vahr S\u00fcd\u201c spielt zu gro\u00dfen Teilen in Bremen. Und der Film auch. Beim Casting f\u00fcr die Statistenrollen herrschte ein Riesenandrang. Das Ostertor wurde auf das Stadtbild von 1980 zur\u00fcckgebaut \u2013 alte Stra\u00dfenbahnen rattern durch Bild, im Ostertor-Kino Cinema laufen \u201eShining\u201c und \u201eBlues Brothers\u201c. Puristen m\u00f6gen allenfalls monieren, dass die Flutlichtmasten des Weserstadions f\u00fcr den Filmdreh nicht zur\u00fcckgebaut wurden. Aber lassen wir das.<\/p>\n<p>Es ist ein spannender Zeitsprung, drei Jahrzehnte zur\u00fcck. Der Fernsehfilm \u201eNeue Vahr S\u00fcd\u201c blickt hin ein in ein Deutschland, dessen Teilung zementiert zu sein schien. In ein Bremen, das 1980 eine Metropole der Revolution ist. 90 Minuten lang. \u201eNeue Vahr S\u00fcd\u201c ist eine wunderbare Adaption des \u201e585-seitigen Romans \u00fcber ein kleines Missgeschick\u201c (siehe meinen Beitrag: <a href=\"https:\/\/www.willizblog.de\/?p=1171\" target=\"_blank\"><strong>Herr Lehmann und die Bundeswehr<\/strong><\/a>), wie es ARD-Programmchef Volker Herres formuliert. Frank Lehmann, Regeners Romanfigur, hat n\u00e4mlich schlicht und einfach vergessen, den Wehrdienst zu verweigern und landet beim Bund. Mit gut dreiw\u00f6chiger Versp\u00e4tung haben wir uns jetzt (ich und meine Lieben) den Film kurz vor Weihnachten angeschaut.<\/p>\n<p>Regisseurin Hermine Huntgeburth (\u201eDie wei\u00dfe Massai\u201c, \u201eEffi Briest\u201c) gelingt es, die starken Bilder und Dialoge der literarischen Vorlage auf den Bildschirm zu bringen \u2013 mit Wortwitz, Situationskomik und einer kr\u00e4ftigen Brise norddeutscher Lakonie.<\/p>\n<p>Frank Lehmann ist ein naiver, kluger Antiheld. Einer, der durchs Geschehen geschubst wird, aber gleichwohl vorlaut das Geschehen mitbestimmt. Lehmann, Pionier wider Willen, ger\u00e4t zwischen die Fronten \u2013 in der Kaserne und vor allem im Privatleben. Das St\u00fcck und damit auch Lehmanns Lebenslauf m\u00fcndet in die Krawalle beim \u00f6ffentlichen Gel\u00f6bnis f\u00fcr die Rekruten am 6. Mai 1980 rund ums Weserstadion. Lehmann ist mittendrin. Und steht sichtbar auf beiden Seiten.<\/p>\n<p><object width=\"540\" height=\"325\"><param name=\"movie\" value=\"https:\/\/www.youtube.com\/v\/kX1vj3pweME?fs=1&amp;hl=de_DE\"><\/param><param name=\"allowFullScreen\" value=\"true\"><\/param><param name=\"allowscriptaccess\" value=\"always\"><\/param><embed src=\"https:\/\/www.youtube.com\/v\/kX1vj3pweME?fs=1&amp;hl=de_DE\" type=\"application\/x-shockwave-flash\" allowscriptaccess=\"always\" allowfullscreen=\"true\" width=\"540\" height=\"325\"><\/embed><\/object><br \/>\nNeue Vahr S\u00fcd &#8211; der Trailer<\/p>\n<p>Frederick Lau (Jahrgang 1989) spielt diesen Lehmann unspektakul\u00e4r spektakul\u00e4r, irgendwie gro\u00dfartig. Das pr\u00e4gt den Film. Und nicht nur Lau gl\u00e4nzt, auch die schrillen Typen der politisch linken, extrem unorthodoxen und wunderbar \u00fcberzeichneten Ostertor-WG werden von dem jungen Schauspielerteam \u2013 Miriam Stein, Eike Weinreich, Johannes Klau\u00dfner, Robert Gwisdek, Albrecht Abraham Schuch, Daniel Michel und Rosalie Thomass \u2013 absolut glaubw\u00fcrdig in Szene gesetzt. Jeder Typ ein Volltreffer. Ganz stark auch Hinnerk Sch\u00f6nemann als etwas einf\u00e4ltiger Feldwebel und vor allem Ulrich Matthes (der den Goebbels in Oliver Hirschbiegels \u201eDer Untergang\u201c mimte) als kalter Kompaniechef. Anders ausgedr\u00fcckt: Die Mannschaft harmoniert. Und zwar bis in die kleinsten Nebenrollen.<\/p>\n<p>So wurde aus der Romanverfilmung ein kurzweiliger ARD-Mittwochsfilm, den der geneigte TV-Konsument jetzt auch auf DVD <a href=\"https:\/\/www.amazon.de\/gp\/product\/B0042UD4ZC?ie=UTF8&#038;tag=familiealbin-21&#038;linkCode=as2&#038;camp=1638&#038;creative=6742&#038;creativeASIN=B0042UD4ZC\" target=\"_blank\"><strong>Neue Vahr S\u00fcd<\/strong><\/a><img loading=\"lazy\" src=\"https:\/\/www.assoc-amazon.de\/e\/ir?t=familiealbin-21&#038;l=as2&#038;o=3&#038;a=B0042UD4ZC\" width=\"1\" height=\"1\" border=\"0\" alt=\"\" style=\"border:none !important; margin:0px !important;\" \/> k\u00e4uflich erwerben kann. Allerbeste Unterhaltung eben.<\/p>\n","protected":false},"excerpt":{"rendered":"<p>Am Mittwoch, den 1. Dezember, lief in der ARD die Verfilmung des gleichnamigen Bestsellers von Sven Regener: \u201eNeue Vahr S\u00fcd\u201c. Der gro\u00dfe WDR hatte den kleinsten Sender der ARD-Familie Radio Bremen als Co-Produzenten ins Boot geholt. Das ist irgendwie ein Muss. Der Roman \u201eNeue Vahr S\u00fcd\u201c spielt zu gro\u00dfen Teilen in Bremen. Und der Film &hellip; <a href=\"https:\/\/willizblog.de\/?p=3755\" class=\"more-link\"><span class=\"screen-reader-text\">Neue Vahr S\u00fcd \u2013 der Film<\/span> weiterlesen <span class=\"meta-nav\">&rarr;<\/span><\/a><\/p>\n","protected":false},"author":1,"featured_media":0,"comment_status":"open","ping_status":"open","sticky":false,"template":"","format":"standard","meta":[],"categories":[13],"tags":[],"_links":{"self":[{"href":"https:\/\/willizblog.de\/index.php?rest_route=\/wp\/v2\/posts\/3755"}],"collection":[{"href":"https:\/\/willizblog.de\/index.php?rest_route=\/wp\/v2\/posts"}],"about":[{"href":"https:\/\/willizblog.de\/index.php?rest_route=\/wp\/v2\/types\/post"}],"author":[{"embeddable":true,"href":"https:\/\/willizblog.de\/index.php?rest_route=\/wp\/v2\/users\/1"}],"replies":[{"embeddable":true,"href":"https:\/\/willizblog.de\/index.php?rest_route=%2Fwp%2Fv2%2Fcomments&post=3755"}],"version-history":[{"count":0,"href":"https:\/\/willizblog.de\/index.php?rest_route=\/wp\/v2\/posts\/3755\/revisions"}],"wp:attachment":[{"href":"https:\/\/willizblog.de\/index.php?rest_route=%2Fwp%2Fv2%2Fmedia&parent=3755"}],"wp:term":[{"taxonomy":"category","embeddable":true,"href":"https:\/\/willizblog.de\/index.php?rest_route=%2Fwp%2Fv2%2Fcategories&post=3755"},{"taxonomy":"post_tag","embeddable":true,"href":"https:\/\/willizblog.de\/index.php?rest_route=%2Fwp%2Fv2%2Ftags&post=3755"}],"curies":[{"name":"wp","href":"https:\/\/api.w.org\/{rel}","templated":true}]}}