{"id":3762,"date":"2010-12-29T17:59:22","date_gmt":"2010-12-29T16:59:22","guid":{"rendered":"http:\/\/www.willizblog.de\/?p=3762"},"modified":"2010-12-29T13:05:23","modified_gmt":"2010-12-29T12:05:23","slug":"die-wichtigkeit-jedes-einzelnen-fur-gott","status":"publish","type":"post","link":"https:\/\/willizblog.de\/?p=3762","title":{"rendered":"Die Wichtigkeit jedes einzelnen (f\u00fcr Gott)"},"content":{"rendered":"<p><em>Lieber Peder!<\/em><\/p>\n<p><em>Ein frohes neues Jahr! Herumgehen und gratulieren tu ich nie; und nur selten, ausnahmsweis, schreib ich einen Gl\u00fcckwunsch \u2013 aber Du geh\u00f6rst ja auch zu den Ausnahmen. Ich habe in den verflossenen Jahren \u00f6fter an Dich gedacht, und gedenke es ebenso zu halten im gegenw\u00e4rtigen: ich habe, was Dich angeht, u.a. \u00f6fter daran gedacht, oder bedacht (und gedenke es fernerhin ebenso zu halten): Da\u00df Du, mit Deinem Lebensschicksal vers\u00f6hnt, in Geduld und stiller Ergebung, eine ebensogro\u00dfe Aufgabe l\u00f6sest wie wir andern, die auf einer gr\u00f6\u00dferen oder kleineren B\u00fchne mitspielen, gro\u00dfe Gesch\u00e4fte treiben, H\u00e4user bauen, gro\u00dfe B\u00fccher schreiben und Gott wei\u00df was sonst tun. Deine B\u00fchne ist unleugbar die kleinste: die der Einsamkeit und Innerlichkeit \u2013 aber die \u201eHauptsumme\u201c, wie es im Prediger hei\u00dft, ist: wenn alles geh\u00f6rt ist, so kommt es doch haupts\u00e4chlich auf die Innerlichkeit an \u2013 und wenn alles vergessen ist, so kommt es ebenfalls auf die Innerlichkeit an. \u2013<\/em><\/p>\n<p><em>Dies ist vor einigen Tagen geschrieben, ich wurde unterbrochen und konnte den Brief nicht beenden. Heute ist Dein Vater bei mir gewesen, und dieser Umstand brachte es mir wieder in Erinnerung, den angefangenen Brief zu vollenden oder doch wenigstens zu beenden. Da war n\u00e4mlich noch etwas, was ich hinzuf\u00fcgen wollte. Sollte ich Dir einen Rat f\u00fcrs Leben geben oder, Deine besondere Lage bedenkend, Dir eine Lebensregel empfehlen, so w\u00fcrde ich sagen: Vergi\u00df vor allem nicht die Pflicht, Dich selbst zu lieben, la\u00df Dir dadurch, da\u00df Du gewisserma\u00dfen aus dem Leben herausgenommen bist, daran verhindert, t\u00e4tig in es einzugreifen, la\u00df Dir dadurch, da\u00df Du in den t\u00f6richten Augen einer gesch\u00e4ftigen Welt etwas \u00dcberfl\u00fcssiges bist, la\u00df Dir dadurch vor allem nicht die Selbstachtung rauben, als ob in den liebevollen Augen einer allweisen Vorsehung Dein Leben, wenn es in Innerlichkeit vollbracht wird, nicht die gleiche Bedeutung und Giltigkeit h\u00e4tte wie jedes andern Menschen Leben, und erheblich gr\u00f6\u00dfere als der Emsigkeit emsiges, emsigeres, alleremsigstes Hasten mit \u2013 der Vergeudung des Lebens und dem Verlust seiner selbst. \u2013<br \/>\n<\/em><\/p>\n<p><em>So leb denn wohl im neuen Jahr; macht es Dir zwischendurch einmal Freude, mich zu besuchen, so komm Du nur, Du bist willkommen.<\/em><\/p>\n<p><em>Dein Vetter<\/em> <a href=\"https:\/\/de.wikipedia.org\/wiki\/S%C3%B8ren_Kierkegaard\" target=\"_blank\"><strong>S.K.<\/strong><\/a><\/p>\n<p>Brief an den lahmen Vetter Hans Peder Kierkegaard, Jahreswende 1848\/49 (?) Diederichs 35, 196f. (S.K.) \u2013 hier: S. 63f. aus: S\u00f8ren Kierkegaard \u2013 Auswahl aus dem Gesamtwerk \u2013 VMA-Verlag, Wiesbaden \u2013 Lizenzausgabe 1979<\/p>\n<p>Siehe auch meinen Beitrag: <a href=\"https:\/\/www.willizblog.de\/?p=2578\" target=\"_blank\">Publikumsbeschimpfung<\/a><\/p>\n","protected":false},"excerpt":{"rendered":"<p>Lieber Peder! Ein frohes neues Jahr! Herumgehen und gratulieren tu ich nie; und nur selten, ausnahmsweis, schreib ich einen Gl\u00fcckwunsch \u2013 aber Du geh\u00f6rst ja auch zu den Ausnahmen. Ich habe in den verflossenen Jahren \u00f6fter an Dich gedacht, und gedenke es ebenso zu halten im gegenw\u00e4rtigen: ich habe, was Dich angeht, u.a. \u00f6fter daran &hellip; <a href=\"https:\/\/willizblog.de\/?p=3762\" class=\"more-link\"><span class=\"screen-reader-text\">Die Wichtigkeit jedes einzelnen (f\u00fcr Gott)<\/span> weiterlesen <span class=\"meta-nav\">&rarr;<\/span><\/a><\/p>\n","protected":false},"author":1,"featured_media":0,"comment_status":"open","ping_status":"open","sticky":false,"template":"","format":"standard","meta":[],"categories":[3],"tags":[],"_links":{"self":[{"href":"https:\/\/willizblog.de\/index.php?rest_route=\/wp\/v2\/posts\/3762"}],"collection":[{"href":"https:\/\/willizblog.de\/index.php?rest_route=\/wp\/v2\/posts"}],"about":[{"href":"https:\/\/willizblog.de\/index.php?rest_route=\/wp\/v2\/types\/post"}],"author":[{"embeddable":true,"href":"https:\/\/willizblog.de\/index.php?rest_route=\/wp\/v2\/users\/1"}],"replies":[{"embeddable":true,"href":"https:\/\/willizblog.de\/index.php?rest_route=%2Fwp%2Fv2%2Fcomments&post=3762"}],"version-history":[{"count":0,"href":"https:\/\/willizblog.de\/index.php?rest_route=\/wp\/v2\/posts\/3762\/revisions"}],"wp:attachment":[{"href":"https:\/\/willizblog.de\/index.php?rest_route=%2Fwp%2Fv2%2Fmedia&parent=3762"}],"wp:term":[{"taxonomy":"category","embeddable":true,"href":"https:\/\/willizblog.de\/index.php?rest_route=%2Fwp%2Fv2%2Fcategories&post=3762"},{"taxonomy":"post_tag","embeddable":true,"href":"https:\/\/willizblog.de\/index.php?rest_route=%2Fwp%2Fv2%2Ftags&post=3762"}],"curies":[{"name":"wp","href":"https:\/\/api.w.org\/{rel}","templated":true}]}}