{"id":377,"date":"2006-02-06T16:58:46","date_gmt":"2006-02-06T15:58:46","guid":{"rendered":"http:\/\/www.albinz.de\/blog\/?p=377"},"modified":"2006-02-07T10:49:40","modified_gmt":"2006-02-07T09:49:40","slug":"die-apokalypse-naht","status":"publish","type":"post","link":"https:\/\/willizblog.de\/?p=377","title":{"rendered":"Die Apokalypse naht"},"content":{"rendered":"<p>Alles begann damit, dass ein oberschlauer Redakteur in einem d\u00e4nischen Provinzblatt Karikaturen des Propheten Mohammed ver\u00f6ffentlichte. Andere Zeitungen \u00fcbernahmen bald diese verh\u00f6hnenden Zeichnungen. Man wollte ja in nichts nachstehen. V\u00f6llig verdutzt war man dann pl\u00f6tzlich, als es zu Massenprotesten in der islamischen Welt kam, die jetzt zunehmend zu eskalieren drohen. Anstatt sich zu einer Entschuldigung aufzuraffen, beruft man sich auf die Presse- und Meinungsfreiheit. Und das zu Zeiten, da sich westliche und islamische Welt immer feindlicher gegen\u00fcberstehen. Auf der einen Seite der Westen, der sich in seiner \u00dcberheblichkeit aufbl\u00e4st, Weltpolizei spielt und meint, die Weisheit mit L\u00f6ffeln gefressen zu haben. Auf der anderen in den islamischen L\u00e4ndern Menschen, die oft genug von diesem Westen gedem\u00fctigt wurden, und die sich jetzt durch selbsternannte Heilsverk\u00fcnder bzw. korrupte Machthaber aufstacheln lassen.<\/p>\n<ul><img src=\"https:\/\/www.willizblog.de\/albpics\/karikatur.jpg\" alt=\"D\u00e4nisches Inferno\" \/><\/ul>\n<p>Und dann noch der Atomstreit mit dem Iran.<\/p>\n<p>Bekanntlich gen\u00fcgt es eines Funkens, um das Pulverfass zum Explodieren zu bringen. Jedes noch so richtige Wort zur falschen Zeit (z.B. Frau Merkels massive Kritik am Iran) sorgt f\u00fcr neuen Z\u00fcndstoff. Zur\u00fcckhaltung ist angesagt.<\/p>\n<p>siehe hierzu einen Beitrag bei <a href=\"http:\/\/www.heute.de\/ZDFheute\/inhalt\/20\/0,3672,3890292,00.html\" target=\"_blank\">zdf.de<\/a><\/p>\n","protected":false},"excerpt":{"rendered":"<p>Alles begann damit, dass ein oberschlauer Redakteur in einem d\u00e4nischen Provinzblatt Karikaturen des Propheten Mohammed ver\u00f6ffentlichte. Andere Zeitungen \u00fcbernahmen bald diese verh\u00f6hnenden Zeichnungen. Man wollte ja in nichts nachstehen. V\u00f6llig verdutzt war man dann pl\u00f6tzlich, als es zu Massenprotesten in der islamischen Welt kam, die jetzt zunehmend zu eskalieren drohen. Anstatt sich zu einer Entschuldigung &hellip; <a href=\"https:\/\/willizblog.de\/?p=377\" class=\"more-link\"><span class=\"screen-reader-text\">Die Apokalypse naht<\/span> weiterlesen <span class=\"meta-nav\">&rarr;<\/span><\/a><\/p>\n","protected":false},"author":1,"featured_media":0,"comment_status":"closed","ping_status":"closed","sticky":false,"template":"","format":"standard","meta":[],"categories":[12],"tags":[],"_links":{"self":[{"href":"https:\/\/willizblog.de\/index.php?rest_route=\/wp\/v2\/posts\/377"}],"collection":[{"href":"https:\/\/willizblog.de\/index.php?rest_route=\/wp\/v2\/posts"}],"about":[{"href":"https:\/\/willizblog.de\/index.php?rest_route=\/wp\/v2\/types\/post"}],"author":[{"embeddable":true,"href":"https:\/\/willizblog.de\/index.php?rest_route=\/wp\/v2\/users\/1"}],"replies":[{"embeddable":true,"href":"https:\/\/willizblog.de\/index.php?rest_route=%2Fwp%2Fv2%2Fcomments&post=377"}],"version-history":[{"count":0,"href":"https:\/\/willizblog.de\/index.php?rest_route=\/wp\/v2\/posts\/377\/revisions"}],"wp:attachment":[{"href":"https:\/\/willizblog.de\/index.php?rest_route=%2Fwp%2Fv2%2Fmedia&parent=377"}],"wp:term":[{"taxonomy":"category","embeddable":true,"href":"https:\/\/willizblog.de\/index.php?rest_route=%2Fwp%2Fv2%2Fcategories&post=377"},{"taxonomy":"post_tag","embeddable":true,"href":"https:\/\/willizblog.de\/index.php?rest_route=%2Fwp%2Fv2%2Ftags&post=377"}],"curies":[{"name":"wp","href":"https:\/\/api.w.org\/{rel}","templated":true}]}}