{"id":3778,"date":"2011-01-01T17:43:40","date_gmt":"2011-01-01T16:43:40","guid":{"rendered":"http:\/\/www.willizblog.de\/?p=3778"},"modified":"2011-01-01T16:49:40","modified_gmt":"2011-01-01T15:49:40","slug":"micmacs-%e2%80%93-uns-gehort-paris","status":"publish","type":"post","link":"https:\/\/willizblog.de\/?p=3778","title":{"rendered":"MicMacs \u2013 uns geh\u00f6rt Paris!"},"content":{"rendered":"<p><a href=\"https:\/\/de.wikipedia.org\/wiki\/Micmacs_%E2%80%93_Uns_geh%C3%B6rt_Paris!\" target=\"_blank\">Micmacs \u2013 Uns geh\u00f6rt Paris!<\/a> (Originaltitel: \u201eMicmacs \u00e0 tire-larigot\u201c) ist ein franz\u00f6sischer Spielfilm aus dem Jahr 2009 von <a href=\"https:\/\/de.wikipedia.org\/wiki\/Jean-Pierre_Jeunet\" target=\"_blank\">Jean-Pierre Jeunet<\/a>. Die Hauptfigur Bazil wird von dem franz\u00f6sischen Komiker <a href=\"https:\/\/de.wikipedia.org\/wiki\/Dany_Boon\" target=\"_blank\">Dany Boon<\/a> dargestellt.<\/p>\n<p><em>Eines Abends tritt Videothekar Bazil (Dany Boon) vor die T\u00fcr \u2013 nur um eine verirrte Pistolenkugel in den Kopf geschossen zu bekommen. Aus dem Krankenhaus entlassen, steht er ohne Job und Geld auf der Stra\u00dfe. Doch das Gl\u00fcck l\u00e4sst den ehemaligen H\u00e4ftling Placard (Jean-Pierre Marielle) seinen Weg kreuzen. Placard lebt mit einer Gruppe wunderlicher Au\u00dfenseiter auf einer M\u00fcllhalde. Dort findet auch Bazil ein neues Obdach und verwandelt den M\u00fcllberg kurzerhand in ein wohliges Zuhause voller magischer Skulpturen aus Fundst\u00fccken und Schrottteilen. Doch damit nicht genug: Es gibt eine Gelegenheit, es den Gangstern, die ihm eine Kugel verpasst haben, heimzuzahlen. Ein aberwitziger Kampf gegen die Waffenlobby beginnt und Bazil findet ganz nebenbei auch noch die gro\u00dfe Liebe\u2026<\/em><\/p>\n<p>aus: <a href=\"http:\/\/www.filmstarts.de\/kritiken\/102876-Micmacs.html\" target=\"_blank\">filmstarts.de<\/a><\/p>\n<p>Wer den Film <a href=\"https:\/\/www.willizblog.de\/?p=1139\" target=\"_blank\">\u201cDie fabelhafte Welt der Am\u00e9lie\u201d<\/a>, ebenfalls von Jean-Pierre Jeunet als Regisseur, kennt und lieben gelernt hat, der wird auch <a href=\"http:\/\/www.micmacs.kinowelt.de\/\" target=\"_blank\">diesen<\/a> Film m\u00f6gen. Und Dany Boon  kennen wir aus dem Film <a href=\"https:\/\/www.willizblog.de\/?p=2117\" target=\"_blank\">Willkommen bei den Sch\u2019tis<\/a> her. Auch das war eine wunderbare franz\u00f6sische Kom\u00f6die. Wieder gl\u00e4nzt Jeunet mit vielen skurrilen Typen und Einf\u00e4llen, sodass es nicht gen\u00fcgt, den Film nur einmal zu sehen, um alles zu erfassen. Aber der Film ist nat\u00fcrlich auf DVD <a href=\"https:\/\/www.amazon.de\/gp\/product\/B003LOH3CU?ie=UTF8&#038;tag=familiealbin-21&#038;linkCode=as2&#038;camp=1638&#038;creative=6742&#038;creativeASIN=B003LOH3CU\" target=\"_blank\"><strong>Micmacs &#8211; Uns geh\u00f6rt Paris!<\/strong><\/a><img loading=\"lazy\" src=\"https:\/\/www.assoc-amazon.de\/e\/ir?t=familiealbin-21&#038;l=as2&#038;o=3&#038;a=B003LOH3CU\" width=\"1\" height=\"1\" border=\"0\" alt=\"\" style=\"border:none !important; margin:0px !important;\" \/> erh\u00e4ltlich &#8230; und so wird es nicht lange dauern, bis ich mir den Film noch einmal anschauen werde.<\/p>\n<p><object width=\"540\" height=\"325\"><param name=\"movie\" value=\"https:\/\/www.youtube.com\/v\/JD_3INPHQzA?fs=1&amp;hl=de_DE\"><\/param><param name=\"allowFullScreen\" value=\"true\"><\/param><param name=\"allowscriptaccess\" value=\"always\"><\/param><embed src=\"https:\/\/www.youtube.com\/v\/JD_3INPHQzA?fs=1&amp;hl=de_DE\" type=\"application\/x-shockwave-flash\" allowscriptaccess=\"always\" allowfullscreen=\"true\" width=\"540\" height=\"325\"><\/embed><\/object><br \/>\nMicmacs &#8211; Uns geh\u00f6rt Paris! | Deutscher Trailer HD<\/p>\n","protected":false},"excerpt":{"rendered":"<p>Micmacs \u2013 Uns geh\u00f6rt Paris! (Originaltitel: \u201eMicmacs \u00e0 tire-larigot\u201c) ist ein franz\u00f6sischer Spielfilm aus dem Jahr 2009 von Jean-Pierre Jeunet. Die Hauptfigur Bazil wird von dem franz\u00f6sischen Komiker Dany Boon dargestellt. Eines Abends tritt Videothekar Bazil (Dany Boon) vor die T\u00fcr \u2013 nur um eine verirrte Pistolenkugel in den Kopf geschossen zu bekommen. Aus dem &hellip; <a href=\"https:\/\/willizblog.de\/?p=3778\" class=\"more-link\"><span class=\"screen-reader-text\">MicMacs \u2013 uns geh\u00f6rt Paris!<\/span> weiterlesen <span class=\"meta-nav\">&rarr;<\/span><\/a><\/p>\n","protected":false},"author":1,"featured_media":0,"comment_status":"open","ping_status":"open","sticky":false,"template":"","format":"standard","meta":[],"categories":[13],"tags":[],"_links":{"self":[{"href":"https:\/\/willizblog.de\/index.php?rest_route=\/wp\/v2\/posts\/3778"}],"collection":[{"href":"https:\/\/willizblog.de\/index.php?rest_route=\/wp\/v2\/posts"}],"about":[{"href":"https:\/\/willizblog.de\/index.php?rest_route=\/wp\/v2\/types\/post"}],"author":[{"embeddable":true,"href":"https:\/\/willizblog.de\/index.php?rest_route=\/wp\/v2\/users\/1"}],"replies":[{"embeddable":true,"href":"https:\/\/willizblog.de\/index.php?rest_route=%2Fwp%2Fv2%2Fcomments&post=3778"}],"version-history":[{"count":0,"href":"https:\/\/willizblog.de\/index.php?rest_route=\/wp\/v2\/posts\/3778\/revisions"}],"wp:attachment":[{"href":"https:\/\/willizblog.de\/index.php?rest_route=%2Fwp%2Fv2%2Fmedia&parent=3778"}],"wp:term":[{"taxonomy":"category","embeddable":true,"href":"https:\/\/willizblog.de\/index.php?rest_route=%2Fwp%2Fv2%2Fcategories&post=3778"},{"taxonomy":"post_tag","embeddable":true,"href":"https:\/\/willizblog.de\/index.php?rest_route=%2Fwp%2Fv2%2Ftags&post=3778"}],"curies":[{"name":"wp","href":"https:\/\/api.w.org\/{rel}","templated":true}]}}