{"id":378,"date":"2006-02-07T05:31:28","date_gmt":"2006-02-07T04:31:28","guid":{"rendered":"http:\/\/www.albinz.de\/blog\/?p=378"},"modified":"2019-09-04T10:26:38","modified_gmt":"2019-09-04T10:26:38","slug":"tod-durch-h-j-graue","status":"publish","type":"post","link":"https:\/\/willizblog.de\/?p=378","title":{"rendered":"Tod durch H-J Graue"},"content":{"rendered":"<p><em>Wieder ver\u00f6ffentliche ich so ungefragt eines der sensationellen Gedichte eines der gr\u00f6\u00dften Wortsch\u00f6pfer deutscher Sprache. Hajo, verzeihe mir! Aber es dr\u00e4ngt an die \u00d6ffentlichkeit, auch wenn mein bescheidenes Weblog sicherlich nicht die Plattform ist, die ein solch hochgeistiger Erguss verdient. Nichtsdestotrotz!<\/em><\/p>\n<p>Tod<\/p>\n<p>Gift f\u00fcr ihn ist mir zu schad&#8216;,<br \/>\nPistole bringt mich nicht in Fahrt,<br \/>\nStrick, das ist mir noch zu fad,<br \/>\nBombe? Das ist kein guter Rat,<br \/>\nerw\u00fcrgen, macht mich krank,<br \/>\nalso nehm ich wieder mal die Rasierklinge!<\/p>\n<ul><img src=\"https:\/\/www.willizblog.de\/albpics\/hajo_graue.jpg\" alt=\"Hajo Graue neben der grauen Eminenz\" \/><\/ul>\n<p>Hajo Graue vor gut 20 Jahren (neben der &#8218;grauen&#8216; Eminenz &#8211; NICHT die graue Eminenz)<\/p>\n","protected":false},"excerpt":{"rendered":"<p>Wieder ver\u00f6ffentliche ich so ungefragt eines der sensationellen Gedichte eines der gr\u00f6\u00dften Wortsch\u00f6pfer deutscher Sprache. Hajo, verzeihe mir! Aber es dr\u00e4ngt an die \u00d6ffentlichkeit, auch wenn mein bescheidenes Weblog sicherlich nicht die Plattform ist, die ein solch hochgeistiger Erguss verdient. Nichtsdestotrotz! Tod Gift f\u00fcr ihn ist mir zu schad&#8216;, Pistole bringt mich nicht in Fahrt, &hellip; <a href=\"https:\/\/willizblog.de\/?p=378\" class=\"more-link\"><span class=\"screen-reader-text\">Tod durch H-J Graue<\/span> weiterlesen <span class=\"meta-nav\">&rarr;<\/span><\/a><\/p>\n","protected":false},"author":1,"featured_media":0,"comment_status":"closed","ping_status":"closed","sticky":false,"template":"","format":"standard","meta":[],"categories":[23],"tags":[],"_links":{"self":[{"href":"https:\/\/willizblog.de\/index.php?rest_route=\/wp\/v2\/posts\/378"}],"collection":[{"href":"https:\/\/willizblog.de\/index.php?rest_route=\/wp\/v2\/posts"}],"about":[{"href":"https:\/\/willizblog.de\/index.php?rest_route=\/wp\/v2\/types\/post"}],"author":[{"embeddable":true,"href":"https:\/\/willizblog.de\/index.php?rest_route=\/wp\/v2\/users\/1"}],"replies":[{"embeddable":true,"href":"https:\/\/willizblog.de\/index.php?rest_route=%2Fwp%2Fv2%2Fcomments&post=378"}],"version-history":[{"count":0,"href":"https:\/\/willizblog.de\/index.php?rest_route=\/wp\/v2\/posts\/378\/revisions"}],"wp:attachment":[{"href":"https:\/\/willizblog.de\/index.php?rest_route=%2Fwp%2Fv2%2Fmedia&parent=378"}],"wp:term":[{"taxonomy":"category","embeddable":true,"href":"https:\/\/willizblog.de\/index.php?rest_route=%2Fwp%2Fv2%2Fcategories&post=378"},{"taxonomy":"post_tag","embeddable":true,"href":"https:\/\/willizblog.de\/index.php?rest_route=%2Fwp%2Fv2%2Ftags&post=378"}],"curies":[{"name":"wp","href":"https:\/\/api.w.org\/{rel}","templated":true}]}}