{"id":3781,"date":"2011-01-02T15:19:03","date_gmt":"2011-01-02T14:19:03","guid":{"rendered":"http:\/\/www.willizblog.de\/?p=3781"},"modified":"2011-01-04T09:52:53","modified_gmt":"2011-01-04T08:52:53","slug":"ein-neues-jahr-%e2%80%93-der-gleiche-mist","status":"publish","type":"post","link":"https:\/\/willizblog.de\/?p=3781","title":{"rendered":"Ein neues Jahr \u2013 der gleiche Mist &#8230;"},"content":{"rendered":"<p>Ein neues Jahr, ein neues Gl\u00fcck? Ich f\u00fcrchte: Es bleibt beim gleichen Mist! Was sollte sich im Alltagstrott auch \u00e4ndern (es sei denn, man entk\u00e4me ihm). Ja, es gibt satte, schon vor geraumer Zeit vereinbarte Gehaltserh\u00f6hungen &#8230; bei mir schlappe ein Prozent. Die sind allein durch die schon bekannten Preiserh\u00f6hungen (Gas sinnigerweise ab 1.12., Strom, Fahrkosten &#8211; irgendwie muss ja der neue &#8222;Wohlf\u00fchl&#8220;-Fahrplan der Metronom-Z\u00fcge finanziert werden &#8211; und Krankenkasse per 1.1.) l\u00e4ngst aufgebracht, bevor sie auf dem Konto sind. Aber nat\u00fcrlich wird sonst alles besser oder zumindest sch\u00f6ner: In bunten Farben und wohlfeilen Worten preist man uns alle nur m\u00f6glichen Wohltaten an &#8230; aber alles nur Fassade, <a href=\"https:\/\/de.wikipedia.org\/wiki\/Potemkinsches_Dorf\" target=\"_blank\">Potemkinsche D\u00f6rfer<\/a>. Dahinter verbirgt sich der gleiche Murks. Was sollte sich von heute auf morgen, von Silvester auf Neujahr schon gro\u00dfartig \u00e4ndern, au\u00dfer in den K\u00f6pfen von Marketingleuten, Politikern und sonstigen Bauernf\u00e4ngern?!<\/p>\n<p>Apropos Politik: Es hat schon was, wenn Herr Niebel, Bundesentwicklungsminister von Westerwelles Gnaden, seinen Parteivorsitzenden lobt, ja <a href=\"http:\/\/www.heute.de\/ZDFheute\/inhalt\/24\/0,3672,8180312,00.html\" target=\"_blank\">ihn f\u00fcr den bester FDP-Chef aller Zeiten<\/a> h\u00e4lt. Nur bisschen neue Farbe auf die Fassade, einige sch\u00f6nen Worte dazu \u2013 und schon kommt das Gef\u00e4hrt wieder in Gang, oder?<\/p>\n<p>Ja, ich sehe, alle haben <a href=\"https:\/\/www.willizblog.de\/?p=709\" target=\"_blank\">gute Vors\u00e4tze<\/a> f\u00fcrs neue Jahr, nicht nur Herr Niebel. Bei mir hapert es damit noch ein wenig. Vielleicht weil ich nicht ganz so verniebelt, \u00e4h, vernebelt bin im Gehirn?<\/p>\n<p>Doch ich habe mir etwas f\u00fcr dieses Jahr vorgenommen: ein Qu\u00e4ntchen mehr Humor (noch mehr Humor, geht das \u00fcberhaupt?). Und die Namen Niebel und Westerwelle, die streiche ich aus meinem Vokabular.<\/p>\n","protected":false},"excerpt":{"rendered":"<p>Ein neues Jahr, ein neues Gl\u00fcck? Ich f\u00fcrchte: Es bleibt beim gleichen Mist! Was sollte sich im Alltagstrott auch \u00e4ndern (es sei denn, man entk\u00e4me ihm). Ja, es gibt satte, schon vor geraumer Zeit vereinbarte Gehaltserh\u00f6hungen &#8230; bei mir schlappe ein Prozent. Die sind allein durch die schon bekannten Preiserh\u00f6hungen (Gas sinnigerweise ab 1.12., Strom, &hellip; <a href=\"https:\/\/willizblog.de\/?p=3781\" class=\"more-link\"><span class=\"screen-reader-text\">Ein neues Jahr \u2013 der gleiche Mist &#8230;<\/span> weiterlesen <span class=\"meta-nav\">&rarr;<\/span><\/a><\/p>\n","protected":false},"author":1,"featured_media":0,"comment_status":"open","ping_status":"open","sticky":false,"template":"","format":"standard","meta":[],"categories":[1],"tags":[],"_links":{"self":[{"href":"https:\/\/willizblog.de\/index.php?rest_route=\/wp\/v2\/posts\/3781"}],"collection":[{"href":"https:\/\/willizblog.de\/index.php?rest_route=\/wp\/v2\/posts"}],"about":[{"href":"https:\/\/willizblog.de\/index.php?rest_route=\/wp\/v2\/types\/post"}],"author":[{"embeddable":true,"href":"https:\/\/willizblog.de\/index.php?rest_route=\/wp\/v2\/users\/1"}],"replies":[{"embeddable":true,"href":"https:\/\/willizblog.de\/index.php?rest_route=%2Fwp%2Fv2%2Fcomments&post=3781"}],"version-history":[{"count":0,"href":"https:\/\/willizblog.de\/index.php?rest_route=\/wp\/v2\/posts\/3781\/revisions"}],"wp:attachment":[{"href":"https:\/\/willizblog.de\/index.php?rest_route=%2Fwp%2Fv2%2Fmedia&parent=3781"}],"wp:term":[{"taxonomy":"category","embeddable":true,"href":"https:\/\/willizblog.de\/index.php?rest_route=%2Fwp%2Fv2%2Fcategories&post=3781"},{"taxonomy":"post_tag","embeddable":true,"href":"https:\/\/willizblog.de\/index.php?rest_route=%2Fwp%2Fv2%2Ftags&post=3781"}],"curies":[{"name":"wp","href":"https:\/\/api.w.org\/{rel}","templated":true}]}}