{"id":3788,"date":"2011-01-04T10:40:06","date_gmt":"2011-01-04T09:40:06","guid":{"rendered":"http:\/\/www.willizblog.de\/?p=3788"},"modified":"2011-01-05T09:56:00","modified_gmt":"2011-01-05T08:56:00","slug":"ausverkauf","status":"publish","type":"post","link":"https:\/\/willizblog.de\/?p=3788","title":{"rendered":"Ausverkauf?!"},"content":{"rendered":"<p>Kommt man erst einmal ins Trudeln, dann ist kaum ein Halten mehr. Die <a href=\"https:\/\/www.willizblog.de\/?p=3731\" target=\"_blank\">Talfahrt<\/a> des Fu\u00dfball-Bundesligisten Werder Bremen zeitigt weitere personelle Konsequenzen. Der bei den Fans beliebte <a href=\"http:\/\/www.transfermarkt.de\/de\/hugo-almeida\/profil\/spieler_9824.html\" target=\"_blank\">Hugo Almeida<\/a>, mit bisher neun Toren Werders einzigste halbwegs erfolgreicher Torsch\u00fctze in der Hinrunde, hat Bremen in Richtung T\u00fcrkei (zu Besiktas Istanbul \u2013 immerhin noch in der Europa League vertreten) verlassen. Transfersumme angeblich 2 Millionen Euro bei einem Marktwert von ca. 8 Millionen Euro: Dabei muss Werder froh sein, \u00fcberhaupt zu einem Transfererl\u00f6s zu kommen, da Almeidas Vertrag zum Saisonende ausgelaufen w\u00e4re und er dann abl\u00f6sefrei h\u00e4tte wechseln k\u00f6nnen.<\/p>\n<p>Kompensiert wird dieser Abgang durch die Verpflichtung des schwedischen Mittelst\u00fcrmers <a href=\"http:\/\/www.transfermarkt.ch\/de\/denni-avdic\/profil\/spieler_41511.html\" target=\"_blank\">Denni Avdic<\/a>, 22 Jahre jung mit bosnischen Wurzeln, f\u00fcr den <a href=\"http:\/\/www.transfermarkt.de\/de\/werder-bremen\/startseite\/verein_86.html\" target=\"_blank\">Werder<\/a> 2,2 Millionen Euro an Abl\u00f6se gezahlt haben soll. Ist er vielleicht ein zweiter <a href=\"http:\/\/www.transfermarkt.de\/de\/zlatan-ibrahimovic\/profil\/spieler_3455.html\" target=\"_blank\">Zlatan Ibrahimovi&#263;<\/a>? Sch\u00f6n w\u00e4re es &#8230;<\/p>\n<p>Obwohl Almeida alles andere als der Filigrantechniker ist, so sorgte er wenigstens f\u00fcr Tore \u2013 zuletzt ein Dreierpack gegen St. Pauli, seinem letzten Spiel in Werders Diensten (allerdings wurde er nach einem rustikalen Einsatz auch mit der roten Karte bedacht). Sein Wechsel, der sich schon fr\u00fchzeitig abzeichnete, deutet leider an, dass es mit Werder sportlich weiterhin bergab geht und Almeida f\u00fcr sich in Bremen keine gro\u00dfartigen Zukunftsaussichten sah. Erstaunlich ist nat\u00fcrlich, dass Werder-Chef Klaus Allofs so schnell einen Ersatz aus dem Hut zaubern konnte. Aber Avdic muss erst einmal in die Mannschaft finden, die zudem weitere angestammte Mittelst\u00fcrmer wie den allerdings in die Jahre gekommenen und zuletzt leider viel zu oft verletzten Claudio Pizarro, den bisher nicht \u00fcberzeugenden Sandro Wagner und letztendlich den charakterlich schwierigen Offensivallrounder Marko Arnautovic aufzuweisen hat.<\/p>\n<p>Man darf gespannt auf den Neuen sein. Insgesamt zeigt sich aber wieder einmal, dass Werder Bremen unliebsame finanzielle Kompromisse eingehen muss. Wie im Fall Mesut \u00d6zil bekommt man auch im Fall Almeida nicht den wirklichen Marktwert erstattet und l\u00e4sst einen Spieler fr\u00fchzeitig gehen, um \u00fcberhaupt noch eine Abl\u00f6se zu erzielen. Das sieht langsam nach einem Ausverkauf der Leistungstr\u00e4ger aus und ist nur dann zu stoppen, wenn sich endlich auch einmal wieder sportliche Erfolge vermelden lassen.<\/p>\n<p><strong>Nachtrag<\/strong> &#8211; siehe hierzu auch Weser-Kurier: <a href=\"http:\/\/www.weser-kurier.de\/Artikel\/Werder\/News\/297830\/Allofs+will+bei+den+Spielergehaeltern+sparen.html\" target=\"_blank\">Allofs will bei den Spielergeh\u00e4ltern sparen<\/a><\/p>\n","protected":false},"excerpt":{"rendered":"<p>Kommt man erst einmal ins Trudeln, dann ist kaum ein Halten mehr. Die Talfahrt des Fu\u00dfball-Bundesligisten Werder Bremen zeitigt weitere personelle Konsequenzen. Der bei den Fans beliebte Hugo Almeida, mit bisher neun Toren Werders einzigste halbwegs erfolgreicher Torsch\u00fctze in der Hinrunde, hat Bremen in Richtung T\u00fcrkei (zu Besiktas Istanbul \u2013 immerhin noch in der Europa &hellip; <a href=\"https:\/\/willizblog.de\/?p=3788\" class=\"more-link\"><span class=\"screen-reader-text\">Ausverkauf?!<\/span> weiterlesen <span class=\"meta-nav\">&rarr;<\/span><\/a><\/p>\n","protected":false},"author":1,"featured_media":0,"comment_status":"open","ping_status":"open","sticky":false,"template":"","format":"standard","meta":[],"categories":[27],"tags":[],"_links":{"self":[{"href":"https:\/\/willizblog.de\/index.php?rest_route=\/wp\/v2\/posts\/3788"}],"collection":[{"href":"https:\/\/willizblog.de\/index.php?rest_route=\/wp\/v2\/posts"}],"about":[{"href":"https:\/\/willizblog.de\/index.php?rest_route=\/wp\/v2\/types\/post"}],"author":[{"embeddable":true,"href":"https:\/\/willizblog.de\/index.php?rest_route=\/wp\/v2\/users\/1"}],"replies":[{"embeddable":true,"href":"https:\/\/willizblog.de\/index.php?rest_route=%2Fwp%2Fv2%2Fcomments&post=3788"}],"version-history":[{"count":0,"href":"https:\/\/willizblog.de\/index.php?rest_route=\/wp\/v2\/posts\/3788\/revisions"}],"wp:attachment":[{"href":"https:\/\/willizblog.de\/index.php?rest_route=%2Fwp%2Fv2%2Fmedia&parent=3788"}],"wp:term":[{"taxonomy":"category","embeddable":true,"href":"https:\/\/willizblog.de\/index.php?rest_route=%2Fwp%2Fv2%2Fcategories&post=3788"},{"taxonomy":"post_tag","embeddable":true,"href":"https:\/\/willizblog.de\/index.php?rest_route=%2Fwp%2Fv2%2Ftags&post=3788"}],"curies":[{"name":"wp","href":"https:\/\/api.w.org\/{rel}","templated":true}]}}