{"id":3793,"date":"2011-01-05T10:20:10","date_gmt":"2011-01-05T09:20:10","guid":{"rendered":"http:\/\/www.willizblog.de\/?p=3793"},"modified":"2011-01-05T08:23:38","modified_gmt":"2011-01-05T07:23:38","slug":"ian-und-die-musik-welt-ian-mit-kilt","status":"publish","type":"post","link":"https:\/\/willizblog.de\/?p=3793","title":{"rendered":"Ian und die (Musik-)Welt: Ian mit Kilt"},"content":{"rendered":"<p>Schotten, das wei\u00df jeder, tragen Schottenr\u00f6cke, auch die M\u00e4nner, eigentlich nur die M\u00e4nner. <a href=\"https:\/\/de.wikipedia.org\/wiki\/Kilt\" target=\"_blank\">Kilt<\/a> nennt man die \u2013 das wei\u00df auch jeder. Und diese haben Karomuster (\u201eSchottenkaros\u201c), <a href=\"https:\/\/de.wikipedia.org\/wiki\/Tartan_%28Muster%29\" target=\"_blank\">Tartan<\/a> genannt, die bei jedem der schottischen Clans anders aussehen. Bekanntlich ist Herr Ian Anderson Schotte. Nur tr\u00e4gt der keinen Kilt. Fast nie. Oder selten. Wenn, dann tr\u00e4gt er h\u00f6chstens mal einen Umhang (Plaid oder so) oder eine Weste mit Anderson-Muster (oder hat getragen, z.B. 1978 beim Auftritt von <a href=\"https:\/\/www.albinz.net\/jethrotull\/jt_taab.html\" target=\"_blank\">Jethro Tull im Madison Square Garden, New York<\/a>). So erstaunt es einen doch, ihn einmal tats\u00e4chlich in einem Kilt zu sehen. Auch richtig so mit Jacke, wie es sich geh\u00f6rt, und <a href=\"https:\/\/de.wikipedia.org\/wiki\/Sporran\" target=\"_blank\">Sporran<\/a> (<a href=\"https:\/\/www.willizblog.de\/?p=103\" target=\"_blank\">Jethro Tull in Schottland 2005: Warm Sporran<\/a>).<\/p>\n<p><img src=\"https:\/\/www.willizblog.de\/blogpicts\/ian_anderson_kilt.jpg\" alt=\"Ian Anderson im Kilt\" \/><\/p>\n<p>Zu sehen ist diese Rarit\u00e4t in einem Interview des britischen Fernsehens aus dem Jahre 1982. Wenn die Bildqualit\u00e4t auch eher bescheiden ist: Hier also Herr Anderson im Kilt, die Beine sittsam \u00fcbereinandergeschlagen:<\/p>\n<p><object width=\"480\" height=\"385\"><param name=\"movie\" value=\"https:\/\/www.youtube.com\/v\/PMSpNw_lGfY?fs=1&amp;hl=de_DE\"><\/param><param name=\"allowFullScreen\" value=\"true\"><\/param><param name=\"allowscriptaccess\" value=\"always\"><\/param><embed src=\"https:\/\/www.youtube.com\/v\/PMSpNw_lGfY?fs=1&amp;hl=de_DE\" type=\"application\/x-shockwave-flash\" allowscriptaccess=\"always\" allowfullscreen=\"true\" width=\"480\" height=\"385\"><\/embed><\/object><br \/>\nJethro Tull &#8211; Ian Anderson Interview in &#8222;Kilt&#8220; &#8211; Aug. 1982<\/p>\n<p>Siehe auch: <a href=\"https:\/\/www.willizblog.de\/?p=72\" target=\"_blank\">Schottland 2005: Was tr\u00e4gt Herr Anderson unterm Schottenrock?<\/a><\/p>\n","protected":false},"excerpt":{"rendered":"<p>Schotten, das wei\u00df jeder, tragen Schottenr\u00f6cke, auch die M\u00e4nner, eigentlich nur die M\u00e4nner. Kilt nennt man die \u2013 das wei\u00df auch jeder. Und diese haben Karomuster (\u201eSchottenkaros\u201c), Tartan genannt, die bei jedem der schottischen Clans anders aussehen. Bekanntlich ist Herr Ian Anderson Schotte. Nur tr\u00e4gt der keinen Kilt. Fast nie. Oder selten. Wenn, dann tr\u00e4gt &hellip; <a href=\"https:\/\/willizblog.de\/?p=3793\" class=\"more-link\"><span class=\"screen-reader-text\">Ian und die (Musik-)Welt: Ian mit Kilt<\/span> weiterlesen <span class=\"meta-nav\">&rarr;<\/span><\/a><\/p>\n","protected":false},"author":1,"featured_media":0,"comment_status":"open","ping_status":"open","sticky":false,"template":"","format":"standard","meta":[],"categories":[43],"tags":[],"_links":{"self":[{"href":"https:\/\/willizblog.de\/index.php?rest_route=\/wp\/v2\/posts\/3793"}],"collection":[{"href":"https:\/\/willizblog.de\/index.php?rest_route=\/wp\/v2\/posts"}],"about":[{"href":"https:\/\/willizblog.de\/index.php?rest_route=\/wp\/v2\/types\/post"}],"author":[{"embeddable":true,"href":"https:\/\/willizblog.de\/index.php?rest_route=\/wp\/v2\/users\/1"}],"replies":[{"embeddable":true,"href":"https:\/\/willizblog.de\/index.php?rest_route=%2Fwp%2Fv2%2Fcomments&post=3793"}],"version-history":[{"count":0,"href":"https:\/\/willizblog.de\/index.php?rest_route=\/wp\/v2\/posts\/3793\/revisions"}],"wp:attachment":[{"href":"https:\/\/willizblog.de\/index.php?rest_route=%2Fwp%2Fv2%2Fmedia&parent=3793"}],"wp:term":[{"taxonomy":"category","embeddable":true,"href":"https:\/\/willizblog.de\/index.php?rest_route=%2Fwp%2Fv2%2Fcategories&post=3793"},{"taxonomy":"post_tag","embeddable":true,"href":"https:\/\/willizblog.de\/index.php?rest_route=%2Fwp%2Fv2%2Ftags&post=3793"}],"curies":[{"name":"wp","href":"https:\/\/api.w.org\/{rel}","templated":true}]}}