{"id":38,"date":"2005-02-22T18:22:14","date_gmt":"2005-02-22T17:22:14","guid":{"rendered":"http:\/\/www.albinz.de\/blog\/?p=38"},"modified":"2005-10-20T11:48:11","modified_gmt":"2005-10-20T09:48:11","slug":"die-kunst-dies-liebens-zum-25-todestag-von-erich-fromm","status":"publish","type":"post","link":"https:\/\/willizblog.de\/?p=38","title":{"rendered":"Die Kunst des Liebens &#8211; zum 25. Todestag von Erich Fromm"},"content":{"rendered":"<p>Diese Jahr ist (wie eigentlich jedes Jahr) ein Jahr der besonderen Jahrestage oder besser: der besonderen Todestage. So j\u00e4hrt sich der Todestag von Albert Einstein zum 50. Mal und der von Friedrich Schiller zum 200. Male. Da vergisst man einen 25. Todestag, z. B. den von <a href=\"http:\/\/www.erichfromm.de\/\" target=\"_blank\">Erich Fromm<\/a> (gestorben 18. M\u00e4rz 1980), ziemlich schnell.<\/p>\n<p>Dabei ist Erich Fromm als Psychoanalytiker und Sozialpsychologe ebenso bekannt wie als Autor und bedeutender Humanist des 20. Jahrhunderts. Wie kaum ein anderer in Deutschland geborener Humanwissenschaftler hat Erich Fromm weltweit gewirkt. Seine Schriften und Erkenntnisse werden weltweit gelesen und rezipiert.<\/p>\n<ul><img src=\"https:\/\/www.albinz.net\/models\/erich_fromm.jpg\" alt=\"Erich Fromm\" \/><\/ul>\n<p>Allein die Ver\u00f6ffentlichung &#8222;<a href=\"https:\/\/www.amazon.de\/exec\/obidos\/ASIN\/3548366880\/familiealbin-21\" target=\"_blank\">Die Kunst des Liebens<\/a>&#8220; (1956) sorgte nicht nur in der Fachwelt f\u00fcr Aufsehen, sondern erreichte bis heute weltweit eine Auflage von \u00fcber 25 Mio. und war z.B. in Deutschland (in den 80-er Jahren) Monate lang auf der  Bestsellerliste.<\/p>\n<p>Also Anlass genug, das kleine B\u00fcchlein von gerade einmal 150 Seiten (und auch schon fast 50 Jahre alt ist es) einmal wieder zur Hand zu nehmen.<\/p>\n<p>Fromm fragt in dem Buch danach, was Liebe ist, was die Eigenschaften echter Liebe sind und diese von anderen Formen &#8218;der Liebe&#8216; unterscheidet. Mu\u00df man Liebe lernen? Worin besteht die Kunst des Liebens? <\/p>\n<p>Liebe ist f\u00fcr Erich Fromm nicht in erster Linie eine Bindung an eine bestimmte Person. Sie ist eine Haltung, eine  Charakterorientierung, welche die Bezogenheit eines Menschen zur Welt als Ganzer und nicht nur zu einem einzigen &#8222;Objekt&#8220; der Liebe bestimmt.<\/p>\n<p>Wenn also jemand nur eine einzige andere Person liebt und ihm alle \u00fcbrigen Mitmenschen gleichg\u00fcltig sind, dann handelt es sich bei seiner Liebe nicht um Liebe, sondern um eine &#8217;symbiotische Bindung&#8216;, im Grunde um einen erweiterten Egoismus.  Trotzdem glauben die meisten Menschen, Liebe komme erst durch ein Objekt zustande und nicht aufgrund einer F\u00e4higkeit. Weil man nicht erkennt, dass die Liebe ein T\u00e4tigsein, eine Kraft der Seele ist, meint man, man brauche nur das richtige Objekt daf\u00fcr zu finden und alles andere gehe dann von selbst.<\/p>\n<p>Man k\u00f6nnte diese Einstellung mit der eines Menschen vergleichen, der gern malen m\u00f6chte und der, anstatt diese Kunst zu  erlernen, behauptet, er brauche nur auf das richtige Objekt zu warten, und wenn er es gefunden habe, werde er wunderbar malen k\u00f6nnen. Und so ist auch Lieben eine Kunst!<\/p>\n<p>Wenn ich einen Menschen wahrhaft liebe, so liebe ich alle Menschen, so liebe ich die Welt, so liebe ich das Leben. Wenn ich zu einem anderen sagen kann: &#8222;Ich liebe dich&#8220;, muss ich auch sagen k\u00f6nnen. &#8222;Ich liebe in dir auch alle anderen, ich liebe durch  dich die ganze Welt, ich liebe in dir auch mich selbst.&#8220;<\/p>\n<p>So alt das Buch ist, so aktuell ist es auch heute noch. Vielleicht sollte man es zur Pflichtlekt\u00fcre machen f\u00fcr alle diejenigen, die an der Gestaltung der Welt (Stichwort: Zukunft Deutschland) beteiligt sind.<\/p>\n","protected":false},"excerpt":{"rendered":"<p>Diese Jahr ist (wie eigentlich jedes Jahr) ein Jahr der besonderen Jahrestage oder besser: der besonderen Todestage. So j\u00e4hrt sich der Todestag von Albert Einstein zum 50. Mal und der von Friedrich Schiller zum 200. Male. Da vergisst man einen 25. Todestag, z. B. den von Erich Fromm (gestorben 18. M\u00e4rz 1980), ziemlich schnell. Dabei &hellip; <a href=\"https:\/\/willizblog.de\/?p=38\" class=\"more-link\"><span class=\"screen-reader-text\">Die Kunst des Liebens &#8211; zum 25. Todestag von Erich Fromm<\/span> weiterlesen <span class=\"meta-nav\">&rarr;<\/span><\/a><\/p>\n","protected":false},"author":1,"featured_media":0,"comment_status":"closed","ping_status":"closed","sticky":false,"template":"","format":"standard","meta":[],"categories":[14,2],"tags":[],"_links":{"self":[{"href":"https:\/\/willizblog.de\/index.php?rest_route=\/wp\/v2\/posts\/38"}],"collection":[{"href":"https:\/\/willizblog.de\/index.php?rest_route=\/wp\/v2\/posts"}],"about":[{"href":"https:\/\/willizblog.de\/index.php?rest_route=\/wp\/v2\/types\/post"}],"author":[{"embeddable":true,"href":"https:\/\/willizblog.de\/index.php?rest_route=\/wp\/v2\/users\/1"}],"replies":[{"embeddable":true,"href":"https:\/\/willizblog.de\/index.php?rest_route=%2Fwp%2Fv2%2Fcomments&post=38"}],"version-history":[{"count":0,"href":"https:\/\/willizblog.de\/index.php?rest_route=\/wp\/v2\/posts\/38\/revisions"}],"wp:attachment":[{"href":"https:\/\/willizblog.de\/index.php?rest_route=%2Fwp%2Fv2%2Fmedia&parent=38"}],"wp:term":[{"taxonomy":"category","embeddable":true,"href":"https:\/\/willizblog.de\/index.php?rest_route=%2Fwp%2Fv2%2Fcategories&post=38"},{"taxonomy":"post_tag","embeddable":true,"href":"https:\/\/willizblog.de\/index.php?rest_route=%2Fwp%2Fv2%2Ftags&post=38"}],"curies":[{"name":"wp","href":"https:\/\/api.w.org\/{rel}","templated":true}]}}