{"id":3801,"date":"2011-01-07T10:30:10","date_gmt":"2011-01-07T09:30:10","guid":{"rendered":"http:\/\/www.willizblog.de\/?p=3801"},"modified":"2011-01-07T09:23:16","modified_gmt":"2011-01-07T08:23:16","slug":"aufraumarbeiten","status":"publish","type":"post","link":"https:\/\/willizblog.de\/?p=3801","title":{"rendered":"Aufr\u00e4umarbeiten"},"content":{"rendered":"<p>Zum Jahreswechsel wurde es f\u00fcr mich Zeit, einmal so richtig aufzur\u00e4umen. Diesmal bezieht sich das auf all den \u00fcberfl\u00fcssigen Kram im Internet, an dem ich beteiligt bin. So beliebt soziale Netzwerke wie <a href=\"https:\/\/de.wikipedia.org\/wiki\/Facebook\" target=\"_blank\">Facebook<\/a>, <a href=\"https:\/\/de.wikipedia.org\/wiki\/Twitter\" target=\"_blank\">Twitter<\/a>, <a href=\"https:\/\/de.wikipedia.org\/wiki\/Myspace\" target=\"_blank\">Myspace<\/a> usw. sein m\u00f6gen, nimmt man daran teil, dann vertr\u00f6delt man zwangsl\u00e4ufig viel Zeit damit.<\/p>\n<p>Bereits Anfang Dezember letzten Jahres habe ich mein <a href=\"http:\/\/www.myspace.com\/willizspace\" target=\"_blank\">Konto bei Myspace<\/a> gek\u00fcndigt. Myspace wird zwar von vielen Musikern genutzt, also von einer Gruppe, die mich interessiert. Aber da ich hier kaum Zeit verbrachte, habe ich mich zur K\u00fcndigung entschlossen.<\/p>\n<p>Ich geh\u00f6re durchaus zu denen, die einmal m\u00f6glich alles ausprobieren. So auch im Web. Und so habe ich neben meinem <a href=\"http:\/\/twitter.com\/willizblog\" target=\"_blank\">Konto bei Twitter<\/a> auch ein <a href=\"http:\/\/de-de.facebook.com\/people\/Willi-Albin\/100000213759626\" target=\"_blank\">Konto bei Facebook<\/a> er\u00f6ffnet.<\/p>\n<p>Bei Facebook hat es mich von Anfang an gest\u00f6rt, dass sich dieses Netzwerk mit seinen Daten v\u00f6llig vom eigentlichen Web abgeschottet hat. Zugriff hat nur, wer sich bei Facebook registrieren l\u00e4sst. Und zz. nervt mich der <a href=\"http:\/\/www.heute.de\/ZDFheute\/inhalt\/20\/0,3672,8187060,00.html\" target=\"_blank\">Hype um Facebook<\/a>. 50 Milliarden Dollar soll das amerikanische Internetportal wert sein. Und nun rennen Investoren dem Netzwerk die Bude ein, denn Facebook ist ein Wirtschaftsunternehmen. Allerdings sind auch meine Nutzerdaten das Kapital von Facebook, an dem ich aber nicht  mitverdiene. Ja, sie zocken wieder. Entsteht mit Facebook die n\u00e4chste Internetblase? Seri\u00f6s sieht anders aus.<\/p>\n<p>Ich bin bei Facebook eigentlich nur noch, weil ich \u00fcber dieses Portal Kontakt mit Freunden in Italien halte. Sonst h\u00e4tte ich mein Konto dort l\u00e4ngst gel\u00f6scht. Ich habe stattdessen ja meinen eigenen Blog.<\/p>\n<p>Bleibt an sozialen Netzwerken f\u00fcr mich nur noch <a href=\"http:\/\/twitter.com\/willizblog\" target=\"_blank\">Twitter<\/a>. Das hat den Vorteil, dass ich meine Beitr\u00e4ge dort direkt auch auf diesem, meinem Blog anzeigen lassen kann, also \u00fcber Twitter \u201eKurznachrichten\u201c direkt hier einstellen kann. Au\u00dferdem dient mir Twitter, um mich \u201aso zwischendurch\u2019 einmal auszutoben (z.B. auf der Arbeit). Was nat\u00fcrlich auch hier nervt: Twitter als soziales Netzwerk wird mehr und mehr f\u00fcr Werbezwecke genutzt (missbraucht w\u00fcrde ich sagen). Aber hier kann man das selbst gut steuern.<\/p>\n<p>Und dann gibt es ja noch meine Accounts bei Youtube: <a href=\"https:\/\/www.youtube.com\/user\/AlbinZVideoZ\" target=\"_blank\">AlbinZVideoZ<\/a> und wieder neu <a href=\"https:\/\/www.youtube.com\/user\/WilliZBlog\" target=\"_blank\"><strong>WilliZBlog<\/strong><\/a> (mit zz. 34 Videos von <a href=\"https:\/\/www.willizblog.de\/?cat=9\" target=\"_blank\">Jethro Tull<\/a>).<\/p>\n<p>An diesem, meinem Blog habe ich auch etwas \u201ageschraubt\u2019, aber nur im Verborgenen. Die Beitr\u00e4ge schreibe und verwalte ich online \u00fcber ein so genanntes Dashboard (Armaturenbrett, hier: Benutzeroberfl\u00e4che). Schreibe ich Beitr\u00e4ge, dann werden diese immer wieder automatisch gespeichert. Am Ende habe ich dann mehrere Versionen eines Beitrags. Der aktuelle wird dann ver\u00f6ffentlicht. Das hat nat\u00fcrlich Vorteile (auch schon der Datensicherung wegen). Aber am Ende sammelt sich jede Menge \u201aSchrott\u2019 an, der die Datenbank, in der die Beitr\u00e4ge abgelegt werden, nur belastet. Diesen Schrott habe ich nun (schlie\u00dflich arbeite ich auch als Datenbank-Administrator) gel\u00f6scht (f\u00fcr Kenner: alle Datens\u00e4tze, die post_status` = &#8218;inherit&#8216; sind). So schrumpfte die Datenbank auf die H\u00e4lfte zusammen.<\/p>\n<p>Und da meine S\u00f6hne nun langsam erwachsen geworden sind, da habe ich den Webspace f\u00fcr deren Websites (die mit dem Pokemon, Digimons usw.) im Einvernehmen mit ihnen gek\u00fcndigt. Irgendwo muss auch ich Geld sparen. Mitte Februar gibt es also deren Websites <a href=\"http:\/\/www.jans-site.net\/\" target=\"_blank\">jans-site.net<\/a>, <a href=\"http:\/\/www.spacechameleon.net\/\" target=\"_blank\">spacechameleon.net<\/a> und <a href=\"http:\/\/www.lukasalbin.de\/\" target=\"_blank\">lukasalbin.de<\/a> nicht mehr.<\/p>\n<p>Ich habe mich also entschlossen, Priorit\u00e4ten zu setzen (wie man sagt). An erster Stelle steht dieser, mein Blog. Da ich gerade in diesem Jahr einiges um die Ohren haben werde (beruflich wie privat), muss ich mich eben beschr\u00e4nken (ohne am Ende \u201abeschr\u00e4nkt\u2019 zu sein). Es gibt eben auch noch ein \u201areal life\u2019.<\/p>\n","protected":false},"excerpt":{"rendered":"<p>Zum Jahreswechsel wurde es f\u00fcr mich Zeit, einmal so richtig aufzur\u00e4umen. Diesmal bezieht sich das auf all den \u00fcberfl\u00fcssigen Kram im Internet, an dem ich beteiligt bin. So beliebt soziale Netzwerke wie Facebook, Twitter, Myspace usw. sein m\u00f6gen, nimmt man daran teil, dann vertr\u00f6delt man zwangsl\u00e4ufig viel Zeit damit. Bereits Anfang Dezember letzten Jahres habe &hellip; <a href=\"https:\/\/willizblog.de\/?p=3801\" class=\"more-link\"><span class=\"screen-reader-text\">Aufr\u00e4umarbeiten<\/span> weiterlesen <span class=\"meta-nav\">&rarr;<\/span><\/a><\/p>\n","protected":false},"author":1,"featured_media":0,"comment_status":"open","ping_status":"open","sticky":false,"template":"","format":"standard","meta":[],"categories":[8],"tags":[],"_links":{"self":[{"href":"https:\/\/willizblog.de\/index.php?rest_route=\/wp\/v2\/posts\/3801"}],"collection":[{"href":"https:\/\/willizblog.de\/index.php?rest_route=\/wp\/v2\/posts"}],"about":[{"href":"https:\/\/willizblog.de\/index.php?rest_route=\/wp\/v2\/types\/post"}],"author":[{"embeddable":true,"href":"https:\/\/willizblog.de\/index.php?rest_route=\/wp\/v2\/users\/1"}],"replies":[{"embeddable":true,"href":"https:\/\/willizblog.de\/index.php?rest_route=%2Fwp%2Fv2%2Fcomments&post=3801"}],"version-history":[{"count":0,"href":"https:\/\/willizblog.de\/index.php?rest_route=\/wp\/v2\/posts\/3801\/revisions"}],"wp:attachment":[{"href":"https:\/\/willizblog.de\/index.php?rest_route=%2Fwp%2Fv2%2Fmedia&parent=3801"}],"wp:term":[{"taxonomy":"category","embeddable":true,"href":"https:\/\/willizblog.de\/index.php?rest_route=%2Fwp%2Fv2%2Fcategories&post=3801"},{"taxonomy":"post_tag","embeddable":true,"href":"https:\/\/willizblog.de\/index.php?rest_route=%2Fwp%2Fv2%2Ftags&post=3801"}],"curies":[{"name":"wp","href":"https:\/\/api.w.org\/{rel}","templated":true}]}}