{"id":3804,"date":"2011-01-08T17:04:07","date_gmt":"2011-01-08T16:04:07","guid":{"rendered":"http:\/\/www.willizblog.de\/?p=3804"},"modified":"2011-01-08T17:12:16","modified_gmt":"2011-01-08T16:12:16","slug":"jahreswechsel-19841985-in-sinaiarumanien","status":"publish","type":"post","link":"https:\/\/willizblog.de\/?p=3804","title":{"rendered":"Jahreswechsel 1984\/1985 in Sinaia\/Rum\u00e4nien"},"content":{"rendered":"<p>Endlich habe ich auch das zweite Fotoalbum mit den Bildern unserer Rum\u00e4nienreise zum Jahreswechsel 1984\/1985 gefunden. Somit hier als Nachtrag die fehlenden Fotos zur \u201awilden\u2019 Silvesterfeier (<a href=\"https:\/\/www.willizblog.de\/?p=3769\" target=\"_blank\"><strong>Silvester 1984 in Sinaia\/Rum\u00e4nien<\/strong><\/a>). Der erw\u00e4hnte Weihnachtsbaum ist auf dem Foto nur der Fotoperspektive wegen windschief. Aber am n\u00e4chsten Morgen (ich war in den R\u00e4umlichkeiten aus zu denkendem Grund erst zur Mittagszeit zugegen), ich schw\u00f6re es, hing der Baum schr\u00e4g im Raum. Danken m\u00f6chte ich hier der sehr freundlichen Bedienung, besonders dem Kellner Ioan, der sich trotz gewisser Sprachschwierigkeiten hergab, um am Ende sein Inneres nach au\u00dfen zu kehren und sich der guten Laune im Saal anschloss.<\/p>\n<p>Au\u00dferdem zwei Bilder aus der Stadt <a href=\"https:\/\/de.wikipedia.org\/wiki\/Bra%C8%99ov\" target=\"_blank\">Bra&#351;ov<\/a>, die zu deutsch Kronstadt hei\u00dft, u.a. von der <a href=\"https:\/\/de.wikipedia.org\/wiki\/Schwarze_Kirche_%28Bra%C8%99ov%29\" target=\"_blank\">\u201eschwarzen Kirche\u201c<\/a> (rum\u00e4nisch: Biserica Neagr&#259;), die ihren Namen aufgrund eines Stadtbrandes im Jahr 1689 erhielt, der von der Kirche nur noch die geschw\u00e4rzten Mauern stehen lie\u00df. Sie ist seit der Reformation der Kronst\u00e4dter <a href=\"https:\/\/de.wikipedia.org\/wiki\/Siebenb%C3%BCrger_Sachsen\" target=\"_blank\">Siebenb\u00fcrger Sachsen<\/a> durch <a href=\"https:\/\/de.wikipedia.org\/wiki\/Johannes_Honterus\" target=\"_blank\">Johannes Honterus<\/a> eine evangelische Kirche.<\/p>\n<p>Und zuletzt einige Fotos vom <a href=\"https:\/\/de.wikipedia.org\/wiki\/Schloss_Bran\" target=\"_blank\">Schloss Bran<\/a> (dt. T\u00f6rzburg), das Touristen auch heute noch als Draculaschloss pr\u00e4sentiert wird. Die Beschreibung von <a href=\"https:\/\/de.wikipedia.org\/wiki\/Dracula_%28Roman%29\" target=\"_blank\">Draculas<\/a> Burg aus Bram Stokers gleichnamigem Roman erinnert auch sehr stark an Schloss Bran. Es wird jedoch davon ausgegangen, dass <a href=\"https:\/\/de.wikipedia.org\/wiki\/Vlad_III._Dr%C4%83culea\" target=\"_blank\">Vlad III. Dr&#259;culea<\/a> es nie betreten hat.<\/p>\n<table border=\"0\" cellpadding=\"4\" cellspacing=\"0\" width=\"100%\">\n<tr>\n<td width=\"50%\">\n<p align=\"center\"><img loading=\"lazy\" border=\"0\" src=\"https:\/\/www.willizblog.de\/blogpicts\/sinaia_1984_85_15.jpg\" alt=\"Silvester 1984 in Sinaia\/Rum\u00e4nien\" width=\"270\" height=\"180\"><\/td>\n<td width=\"50%\">\n<p align=\"center\"><img loading=\"lazy\" border=\"0\" src=\"https:\/\/www.willizblog.de\/blogpicts\/sinaia_1984_85_16.jpg\" alt=\"Silvester 1984 in Sinaia\/Rum\u00e4nien\" width=\"270\" height=\"180\"><\/td>\n<\/tr>\n<tr>\n<td width=\"50%\">\n<p align=\"center\"><font face=\"Lucida Grande, Lucida Sans Unicode, Verdana, sans-serif\" size=\"2\">freundliche Bedienung<\/font><\/td>\n<td width=\"50%\">\n<p align=\"center\"><font face=\"Lucida Grande, Lucida Sans Unicode, Verdana, sans-serif\" size=\"2\">windschiefer Tannenbaum (hier noch nur der Perspektive wegen)<\/font><\/td>\n<\/tr>\n<tr>\n<td width=\"50%\">\n<p align=\"center\"><img loading=\"lazy\" border=\"0\" src=\"https:\/\/www.willizblog.de\/blogpicts\/sinaia_1984_85_17.jpg\" alt=\"Silvester 1984 in Sinaia\/Rum\u00e4nien\" width=\"270\" height=\"180\"><\/td>\n<td width=\"50%\">\n<p align=\"center\"><img loading=\"lazy\" border=\"0\" src=\"https:\/\/www.willizblog.de\/blogpicts\/sinaia_1984_85_18_ioan.jpg\" alt=\"Silvester 1984 in Sinaia\/Rum\u00e4nien\" width=\"270\" height=\"180\"><\/td>\n<\/tr>\n<tr>\n<td width=\"50%\">\n<p align=\"center\"><font face=\"Lucida Grande, Lucida Sans Unicode, Verdana, sans-serif\" size=\"2\">rum\u00e4nischer Vater mit seinen S\u00f6hnen<br \/>(da ahnten wir noch nicht, selbst einmal zwei S\u00f6hne zu haben)<\/font><\/td>\n<td width=\"50%\">\n<p align=\"center\"><font face=\"Lucida Grande, Lucida Sans Unicode, Verdana, sans-serif\" size=\"2\">Ioan ist bester Laune<\/font><\/td>\n<\/tr>\n<tr>\n<td width=\"50%\">\n<p align=\"center\"><img loading=\"lazy\" border=\"0\" src=\"https:\/\/www.willizblog.de\/blogpicts\/sinaia_1984_85_09_brasov.jpg\" alt=\"Weihnachtszeit in Brasov\/Rum\u00e4nien\" width=\"270\" height=\"180\"><\/td>\n<td width=\"50%\">\n<p align=\"center\"><img loading=\"lazy\" border=\"0\" src=\"https:\/\/www.willizblog.de\/blogpicts\/sinaia_1984_85_10_brasov.jpg\" alt=\"Weihnachtszeit in Brasov\/Rum\u00e4nien\" width=\"270\" height=\"180\"><\/td>\n<\/tr>\n<tr>\n<td width=\"50%\">\n<p align=\"center\"><font face=\"Lucida Grande, Lucida Sans Unicode, Verdana, sans-serif\" size=\"2\">Schwarze Kirche (Biserica Neagr&#259;) in Bra&#351;ov<\/font><\/td>\n<td width=\"50%\">\n<p align=\"center\"><font face=\"Lucida Grande, Lucida Sans Unicode, Verdana, sans-serif\" size=\"2\">Weihnachtszeit in Bra&#351;ov\/Rum\u00e4nien<\/font><\/td>\n<\/tr>\n<tr>\n<td width=\"50%\">\n<p align=\"center\"><img loading=\"lazy\" border=\"0\" src=\"https:\/\/www.willizblog.de\/blogpicts\/sinaia_1984_85_11_bran.jpg\" alt=\"Schloss\/Burg Bran (T\u00f6rzburg)\" width=\"270\" height=\"180\"><\/td>\n<td width=\"50%\">\n<p align=\"center\"><img loading=\"lazy\" border=\"0\" src=\"https:\/\/www.willizblog.de\/blogpicts\/sinaia_1984_85_12_bran.jpg\" alt=\"Schloss\/Burg Bran (T\u00f6rzburg)\" width=\"270\" height=\"180\"><\/td>\n<\/tr>\n<tr>\n<td width=\"100%\" colspan=\"2\" align=\"center\"><font face=\"Lucida Grande, Lucida Sans Unicode, Verdana, sans-serif\" size=\"2\">Schloss\/Burg Bran (T\u00f6rzburg)<\/font><\/td>\n<\/tr>\n<tr>\n<td width=\"50%\">\n<p align=\"center\"><img loading=\"lazy\" border=\"0\" src=\"https:\/\/www.willizblog.de\/blogpicts\/sinaia_1984_85_13_bran.jpg\" alt=\"Schloss\/Burg Bran (T\u00f6rzburg)\" width=\"270\" height=\"180\"><\/td>\n<td width=\"50%\">\n<p align=\"center\"><img loading=\"lazy\" border=\"0\" src=\"https:\/\/www.willizblog.de\/blogpicts\/sinaia_1984_85_14_bran.jpg\" alt=\"Schloss\/Burg Bran (T\u00f6rzburg)\" width=\"180\" height=\"270\"><\/td>\n<\/tr>\n<\/table>\n","protected":false},"excerpt":{"rendered":"<p>Endlich habe ich auch das zweite Fotoalbum mit den Bildern unserer Rum\u00e4nienreise zum Jahreswechsel 1984\/1985 gefunden. Somit hier als Nachtrag die fehlenden Fotos zur \u201awilden\u2019 Silvesterfeier (Silvester 1984 in Sinaia\/Rum\u00e4nien). Der erw\u00e4hnte Weihnachtsbaum ist auf dem Foto nur der Fotoperspektive wegen windschief. Aber am n\u00e4chsten Morgen (ich war in den R\u00e4umlichkeiten aus zu denkendem Grund &hellip; <a href=\"https:\/\/willizblog.de\/?p=3804\" class=\"more-link\"><span class=\"screen-reader-text\">Jahreswechsel 1984\/1985 in Sinaia\/Rum\u00e4nien<\/span> weiterlesen <span class=\"meta-nav\">&rarr;<\/span><\/a><\/p>\n","protected":false},"author":1,"featured_media":0,"comment_status":"open","ping_status":"open","sticky":false,"template":"","format":"standard","meta":[],"categories":[10],"tags":[],"_links":{"self":[{"href":"https:\/\/willizblog.de\/index.php?rest_route=\/wp\/v2\/posts\/3804"}],"collection":[{"href":"https:\/\/willizblog.de\/index.php?rest_route=\/wp\/v2\/posts"}],"about":[{"href":"https:\/\/willizblog.de\/index.php?rest_route=\/wp\/v2\/types\/post"}],"author":[{"embeddable":true,"href":"https:\/\/willizblog.de\/index.php?rest_route=\/wp\/v2\/users\/1"}],"replies":[{"embeddable":true,"href":"https:\/\/willizblog.de\/index.php?rest_route=%2Fwp%2Fv2%2Fcomments&post=3804"}],"version-history":[{"count":0,"href":"https:\/\/willizblog.de\/index.php?rest_route=\/wp\/v2\/posts\/3804\/revisions"}],"wp:attachment":[{"href":"https:\/\/willizblog.de\/index.php?rest_route=%2Fwp%2Fv2%2Fmedia&parent=3804"}],"wp:term":[{"taxonomy":"category","embeddable":true,"href":"https:\/\/willizblog.de\/index.php?rest_route=%2Fwp%2Fv2%2Fcategories&post=3804"},{"taxonomy":"post_tag","embeddable":true,"href":"https:\/\/willizblog.de\/index.php?rest_route=%2Fwp%2Fv2%2Ftags&post=3804"}],"curies":[{"name":"wp","href":"https:\/\/api.w.org\/{rel}","templated":true}]}}