{"id":383,"date":"2006-02-12T13:40:09","date_gmt":"2006-02-12T12:40:09","guid":{"rendered":"http:\/\/www.albinz.de\/blog\/?p=383"},"modified":"2006-02-12T13:39:33","modified_gmt":"2006-02-12T12:39:33","slug":"ihr-nazis-seid-leider-auch-deutschland","status":"publish","type":"post","link":"https:\/\/willizblog.de\/?p=383","title":{"rendered":"Ihr Nazis seid leider auch Deutschland."},"content":{"rendered":"<p>Die Kampagne &#8222;Du bis Deutschland!&#8220; finde ich nun wirklich reichlich bescheuert, um es einmal so auszudr\u00fccken. Da darf man sich nicht wundern, wenn sie f\u00fcr andere Zwecke missbraucht wird. Erst traf es unseren Bundespr\u00e4sidenten Horst K\u00f6hler, der im Internet von Neonazis mit &#8222;Nein Horst, Du bist nicht Deutschland&#8220; defamiert wird &#8211; das Ganze illustriert mit einem Foto, das K\u00f6hler beim Besuch einer Synagoge zeigt, bei dem der Bundespr\u00e4sident die j\u00fcdische Kopfbedeckung Kipa tr\u00e4gt. <\/p>\n<p>Und jetzt trifft es den in Ghana geborenen und mit 14 Jahren nach Deutschland \u00fcbergesiedelten Fu\u00dfballspieler von Schalke 04, Gerald Asamoah, der  seit 2001 deutscher Nationalspieler ist und bisher auf 36 Eins\u00e4tze f\u00fcr die Auswahl des Deutschen Fu\u00dfball-Bundes (DFB) kam.<\/p>\n<p>Was mir hierzu einf\u00e4llt? Ihr Neonazis und ihr Ewiggestrigen seid leider auch Deutschland. Ihr geh\u00f6rt zu Deutschland wie auch die Dummheit zur Menschheit geh\u00f6rt. Ihr geh\u00f6rt zur Kehrseite einer Medaille, die sich auch durch dumme Kampagnen nicht leugnen l\u00e4sst.<\/p>\n<p>siehe auch: <a href=\"http:\/\/www.zdf.de\/ZDFde\/inhalt\/17\/0,1872,3894065,00.html\" target=\"_blank\">zdf.de<\/a><\/p>\n","protected":false},"excerpt":{"rendered":"<p>Die Kampagne &#8222;Du bis Deutschland!&#8220; finde ich nun wirklich reichlich bescheuert, um es einmal so auszudr\u00fccken. Da darf man sich nicht wundern, wenn sie f\u00fcr andere Zwecke missbraucht wird. Erst traf es unseren Bundespr\u00e4sidenten Horst K\u00f6hler, der im Internet von Neonazis mit &#8222;Nein Horst, Du bist nicht Deutschland&#8220; defamiert wird &#8211; das Ganze illustriert mit &hellip; <a href=\"https:\/\/willizblog.de\/?p=383\" class=\"more-link\"><span class=\"screen-reader-text\">Ihr Nazis seid leider auch Deutschland.<\/span> weiterlesen <span class=\"meta-nav\">&rarr;<\/span><\/a><\/p>\n","protected":false},"author":1,"featured_media":0,"comment_status":"closed","ping_status":"closed","sticky":false,"template":"","format":"standard","meta":[],"categories":[2],"tags":[],"_links":{"self":[{"href":"https:\/\/willizblog.de\/index.php?rest_route=\/wp\/v2\/posts\/383"}],"collection":[{"href":"https:\/\/willizblog.de\/index.php?rest_route=\/wp\/v2\/posts"}],"about":[{"href":"https:\/\/willizblog.de\/index.php?rest_route=\/wp\/v2\/types\/post"}],"author":[{"embeddable":true,"href":"https:\/\/willizblog.de\/index.php?rest_route=\/wp\/v2\/users\/1"}],"replies":[{"embeddable":true,"href":"https:\/\/willizblog.de\/index.php?rest_route=%2Fwp%2Fv2%2Fcomments&post=383"}],"version-history":[{"count":0,"href":"https:\/\/willizblog.de\/index.php?rest_route=\/wp\/v2\/posts\/383\/revisions"}],"wp:attachment":[{"href":"https:\/\/willizblog.de\/index.php?rest_route=%2Fwp%2Fv2%2Fmedia&parent=383"}],"wp:term":[{"taxonomy":"category","embeddable":true,"href":"https:\/\/willizblog.de\/index.php?rest_route=%2Fwp%2Fv2%2Fcategories&post=383"},{"taxonomy":"post_tag","embeddable":true,"href":"https:\/\/willizblog.de\/index.php?rest_route=%2Fwp%2Fv2%2Ftags&post=383"}],"curies":[{"name":"wp","href":"https:\/\/api.w.org\/{rel}","templated":true}]}}