{"id":384,"date":"2006-02-13T17:11:31","date_gmt":"2006-02-13T16:11:31","guid":{"rendered":"http:\/\/www.albinz.de\/blog\/?p=384"},"modified":"2006-02-13T12:13:37","modified_gmt":"2006-02-13T11:13:37","slug":"willy-brandt-eine-biographie","status":"publish","type":"post","link":"https:\/\/willizblog.de\/?p=384","title":{"rendered":"Willy Brandt &#8211; eine Biographie"},"content":{"rendered":"<p>Biographien politischer Pers\u00f6nlichkeiten meide ich eigentlich wie der Teufel das Weihwasser. Nicht dass ich alle Politiker f\u00fcr Schweinehunde und dergleichen halte. Aber z.B. die Erinnerungen von Herrn Helmut Kohl interessieren mich nun einmal partout nicht.<\/p>\n<p>So bin ich dann auch nur durch Zufall zu einer Biographie \u00fcber Willy Brandt (1913-1992) gekommen. Und ich habe es geschafft, diese bis zum Ende durchzulesen. Willy Brandt ist sicherlich einer der wichtigsten Politiker in Deutschland des 20. Jahrhunderts. Als B\u00fcrgermeister von Berlin erlangte Brandt auf Grund seines entschlossenen Handelns w\u00e4hrend des Berlin-Ultimatums (1958) und nach dem Mauerbau 1961 enorme Popularit\u00e4t. Mit dem Motto &#8222;Mehr Demokratie wagen&#8220; wurde er 1969 Bundeskanzler mit einer sozial-liberalen Koalition und trat nach der Aff\u00e4re um den DDR-Spion G\u00fcnter Guillaume 1974 zur\u00fcck. Brandts Amtszeit ist verbunden mit dem Stichwort der Ostpolitik, die den kalten Krieg unter der Losung &#8222;Wandel durch Ann\u00e4herung&#8220; bzw. &#8222;Politik der kleinen Schritte&#8220; abmindern und die Berliner Mauer durchl\u00e4ssiger machen sollte. Der Kniefall von Warschau (1970) am Mahnmal des Ghetto-Aufstandes von 1943 leitete symbolisch die Entspannungspolitik ein, daf\u00fcr erhielt er 1971 den Friedensnobelpreis.<\/p>\n<p>siehe auch: <a href=\"https:\/\/de.wikipedia.org\/wiki\/Willy_Brandt\" target=\"_blank\">wikipedia<\/a><\/p>\n<p>Wer war aber nun der Mensch Willy Brandt? Die <a href=\"https:\/\/www.amazon.de\/exec\/obidos\/ASIN\/\/3549071426\/familiealbin-21\" target=\"_blank\">Biographie von Gregor Sch\u00f6llgen<\/a> skizziert die Lebensstationen des Politikers und kommt dabei auch auf die Spur des Menschen Willy Brandt. Ich erinnere mich selbst noch sehr genau an die Zeit um 1970. Brandt polarisierte die Menschen. Die einen verehrten ihn (&#8222;Willy will i!&#8220;), weil er trotz oder gerade wegen seiner Widerspr\u00fcche immer sehr menschlich zu sein schien. Die anderen brachten oft nur Verachtung f\u00fcr ihn auf &#8211; angeheizt durch Verleumdungen aus dem rechten Lager.<\/p>\n<p>Sch\u00f6llgen zeigt diese Widerspr\u00fcche auf, wei\u00df aber auch immer um die Hintergr\u00fcnde. Auf der einen Seite war Brandt der sozialdemokratischen Tradition verbunden, zumal er selbst aus dem Arbeitermilieu stammte, sich von dort nach oben gearbeitet hatte. Er war aber auch ein Genussmensch, Kettenraucher, kein Kostver\u00e4chter sowohl Frauen als auch geistigen Getr\u00e4nken gegen\u00fcber. F\u00fcr Moralisten das gefundene Fressen.<\/p>\n<ul><img src=\"https:\/\/www.willizblog.de\/albpics\/willy_brandt.jpg\" alt=\"Willy Brandt 1976\" \/><\/ul>\n<p>Und irgendwie war er auch immer auf der Flucht. Schon fr\u00fch reiste er durch Europa, im hohen Alter finden wir ihn in Afrika oder Asien unterwegs. Es ist eine Flucht nach vorn, um Niederlagen hinter sich zu lassen. <\/p>\n<p>Interessant ist auch das Bild, das wir von Brandt in seinen Verh\u00e4ltnissen zu Herbert Wehner und Helmut Schmidt, seinem Nachfolger auf dem Kanzlerposten, erhalten. Zwiesp\u00e4ltiger k\u00f6nnen solche politischen M\u00e4nnerfreundschaften kaum sein.<\/p>\n<p>siehe auch: <a href=\"http:\/\/www.willy-brandt.org\/\" target=\"_blank\">Bundeskanzler-Willy-Brandt-Stiftung<\/a><\/p>\n","protected":false},"excerpt":{"rendered":"<p>Biographien politischer Pers\u00f6nlichkeiten meide ich eigentlich wie der Teufel das Weihwasser. Nicht dass ich alle Politiker f\u00fcr Schweinehunde und dergleichen halte. Aber z.B. die Erinnerungen von Herrn Helmut Kohl interessieren mich nun einmal partout nicht. So bin ich dann auch nur durch Zufall zu einer Biographie \u00fcber Willy Brandt (1913-1992) gekommen. Und ich habe es &hellip; <a href=\"https:\/\/willizblog.de\/?p=384\" class=\"more-link\"><span class=\"screen-reader-text\">Willy Brandt &#8211; eine Biographie<\/span> weiterlesen <span class=\"meta-nav\">&rarr;<\/span><\/a><\/p>\n","protected":false},"author":1,"featured_media":0,"comment_status":"closed","ping_status":"closed","sticky":false,"template":"","format":"standard","meta":[],"categories":[12],"tags":[],"_links":{"self":[{"href":"https:\/\/willizblog.de\/index.php?rest_route=\/wp\/v2\/posts\/384"}],"collection":[{"href":"https:\/\/willizblog.de\/index.php?rest_route=\/wp\/v2\/posts"}],"about":[{"href":"https:\/\/willizblog.de\/index.php?rest_route=\/wp\/v2\/types\/post"}],"author":[{"embeddable":true,"href":"https:\/\/willizblog.de\/index.php?rest_route=\/wp\/v2\/users\/1"}],"replies":[{"embeddable":true,"href":"https:\/\/willizblog.de\/index.php?rest_route=%2Fwp%2Fv2%2Fcomments&post=384"}],"version-history":[{"count":0,"href":"https:\/\/willizblog.de\/index.php?rest_route=\/wp\/v2\/posts\/384\/revisions"}],"wp:attachment":[{"href":"https:\/\/willizblog.de\/index.php?rest_route=%2Fwp%2Fv2%2Fmedia&parent=384"}],"wp:term":[{"taxonomy":"category","embeddable":true,"href":"https:\/\/willizblog.de\/index.php?rest_route=%2Fwp%2Fv2%2Fcategories&post=384"},{"taxonomy":"post_tag","embeddable":true,"href":"https:\/\/willizblog.de\/index.php?rest_route=%2Fwp%2Fv2%2Ftags&post=384"}],"curies":[{"name":"wp","href":"https:\/\/api.w.org\/{rel}","templated":true}]}}