{"id":386,"date":"2006-02-14T05:25:41","date_gmt":"2006-02-14T04:25:41","guid":{"rendered":"http:\/\/www.albinz.de\/blog\/?p=386"},"modified":"2006-02-14T05:25:41","modified_gmt":"2006-02-14T04:25:41","slug":"karl-valentins-tag","status":"publish","type":"post","link":"https:\/\/willizblog.de\/?p=386","title":{"rendered":"(Karl-)Valentins-Tag"},"content":{"rendered":"<p>Heute ist Valentinstag. Vergesst also nicht, eure Lieben mit Blumen, S\u00fc\u00dfem und dergleichen zu begl\u00fccken. Bei uns ist \u00fcbrigens gleichzeitig <a href=\"http:\/\/www.valentin-musaeum.de\/\" target=\"_blank\">Karl-Valentins-Tag<\/a>. Ja, der mit den Semmel<strong>n<\/strong>kn\u00f6deln (nicht Semmelkn\u00f6del, da bekanntlich die Kn\u00f6del aus mehr als einer Semmel hergestellt werden):<\/p>\n<ul><img src=\"https:\/\/www.willizblog.de\/albpics\/karl_valentin.jpg\" alt=\"Prost, Karl Valentin\" \/><\/ul>\n","protected":false},"excerpt":{"rendered":"<p>Heute ist Valentinstag. Vergesst also nicht, eure Lieben mit Blumen, S\u00fc\u00dfem und dergleichen zu begl\u00fccken. Bei uns ist \u00fcbrigens gleichzeitig Karl-Valentins-Tag. Ja, der mit den Semmelnkn\u00f6deln (nicht Semmelkn\u00f6del, da bekanntlich die Kn\u00f6del aus mehr als einer Semmel hergestellt werden):<\/p>\n","protected":false},"author":1,"featured_media":0,"comment_status":"closed","ping_status":"closed","sticky":false,"template":"","format":"standard","meta":[],"categories":[32],"tags":[],"_links":{"self":[{"href":"https:\/\/willizblog.de\/index.php?rest_route=\/wp\/v2\/posts\/386"}],"collection":[{"href":"https:\/\/willizblog.de\/index.php?rest_route=\/wp\/v2\/posts"}],"about":[{"href":"https:\/\/willizblog.de\/index.php?rest_route=\/wp\/v2\/types\/post"}],"author":[{"embeddable":true,"href":"https:\/\/willizblog.de\/index.php?rest_route=\/wp\/v2\/users\/1"}],"replies":[{"embeddable":true,"href":"https:\/\/willizblog.de\/index.php?rest_route=%2Fwp%2Fv2%2Fcomments&post=386"}],"version-history":[{"count":0,"href":"https:\/\/willizblog.de\/index.php?rest_route=\/wp\/v2\/posts\/386\/revisions"}],"wp:attachment":[{"href":"https:\/\/willizblog.de\/index.php?rest_route=%2Fwp%2Fv2%2Fmedia&parent=386"}],"wp:term":[{"taxonomy":"category","embeddable":true,"href":"https:\/\/willizblog.de\/index.php?rest_route=%2Fwp%2Fv2%2Fcategories&post=386"},{"taxonomy":"post_tag","embeddable":true,"href":"https:\/\/willizblog.de\/index.php?rest_route=%2Fwp%2Fv2%2Ftags&post=386"}],"curies":[{"name":"wp","href":"https:\/\/api.w.org\/{rel}","templated":true}]}}