{"id":387,"date":"2006-02-16T09:53:20","date_gmt":"2006-02-16T08:53:20","guid":{"rendered":"http:\/\/www.albinz.de\/blog\/?p=387"},"modified":"2006-02-27T12:38:47","modified_gmt":"2006-02-27T11:38:47","slug":"kampf-um-die-medaillen","status":"publish","type":"post","link":"https:\/\/willizblog.de\/?p=387","title":{"rendered":"Stand nach dem 1. Drittel &#8211; Turin 2006"},"content":{"rendered":"<p>So schlecht ist die Medaillenausbeute des deutschen Teams bei der Winterolympiade in Turin nun wirklich nicht. Sicherlich gab es einige Entt\u00e4uschungen (bei den Aktiven eher mehr als bei uns tr\u00e4gen Zuschauern), so Tobias Angerer im Lauflauf, Ronny Ackermann in der Nordischen Kombination (wurde durch das Gold von Georg Hettich mehr als kompensiert) oder die Damen zun\u00e4chst im Eisschnelllauf. Dem Hackl Schorsch h\u00e4tte man bei seiner 6. und damit nat\u00fcrlich auch letzten Olympiade im Rodeln nochmals eine Medaille gew\u00fcnscht. Er hat gut gek\u00e4mpft, nur waren seine Startzeiten eben nicht berauschend. So reichte es eben nur zu Platz sieben. Trotzdem Gl\u00fcckwunsch zu dieser einmaligen Sportlaufbahn!<\/p>\n<ul><img src=\"https:\/\/www.willizblog.de\/albpics\/torino_logo.gif\" alt=\"Turin 2006\" \/><img src=\"https:\/\/www.willizblog.de\/albpics\/torino_motto.gif\" alt=\"Hier lebt das Leiden\" \/><\/ul>\n<p>Hier das nach dem 1. Drittel der Spiele gewonnene Edelmetall: <\/p>\n<p>Gold<br \/>\nNordische Kombination  HETTICH Georg  11 February 2006<br \/>\nBiathlon  M\u00e4nner 20 km Individual  GREIS Michael  11 February 2006<br \/>\nBiathlon  M\u00e4nner 10 km Sprint  FISCHER Sven  14 February 2006<br \/>\nRodeln Frauen Einzel  OTTO Sylke  14 February 2006  <\/p>\n<p>Silber<br \/>\nRodeln Frauen Einzel  KRAUSHAAR Silke  14 February 2006<br \/>\nRodeln Doppel Herren  FLORSCHUETZ Andre und WUSTLICH Torsten  15 February 2006  <\/p>\n<p>Bronze<br \/>\nBiathlon  Frauen 15 km Individual  GLAGOW Martina  13 February 2006<br \/>\nRodeln Frauen Einzel  HUEFNER Tatjana  14 February 2006 <\/p>\n<p>Heute fallen einige Entscheidungen, bei denen deutsche Sportler gute Chancen auf einem Platz auf dem Treppchen haben. Beim nachgeholten 2. Springen im Mannschaftswettbewerb der Nordischen Kombination konnte das deutsche Team seinen 1. Platz verteidigen. Wenn &#8217;s dann auch in der Loipe l\u00e4uft &#8230; Au\u00dferdem startet heute der Biathlon-Sprint der Damen \u00fcber 7,5 km. Und abends haben die Damen gute Aussichten im Eisschnelllauf (Verfolgung Team).<\/p>\n","protected":false},"excerpt":{"rendered":"<p>So schlecht ist die Medaillenausbeute des deutschen Teams bei der Winterolympiade in Turin nun wirklich nicht. Sicherlich gab es einige Entt\u00e4uschungen (bei den Aktiven eher mehr als bei uns tr\u00e4gen Zuschauern), so Tobias Angerer im Lauflauf, Ronny Ackermann in der Nordischen Kombination (wurde durch das Gold von Georg Hettich mehr als kompensiert) oder die Damen &hellip; <a href=\"https:\/\/willizblog.de\/?p=387\" class=\"more-link\"><span class=\"screen-reader-text\">Stand nach dem 1. Drittel &#8211; Turin 2006<\/span> weiterlesen <span class=\"meta-nav\">&rarr;<\/span><\/a><\/p>\n","protected":false},"author":1,"featured_media":0,"comment_status":"closed","ping_status":"closed","sticky":false,"template":"","format":"standard","meta":[],"categories":[38],"tags":[],"_links":{"self":[{"href":"https:\/\/willizblog.de\/index.php?rest_route=\/wp\/v2\/posts\/387"}],"collection":[{"href":"https:\/\/willizblog.de\/index.php?rest_route=\/wp\/v2\/posts"}],"about":[{"href":"https:\/\/willizblog.de\/index.php?rest_route=\/wp\/v2\/types\/post"}],"author":[{"embeddable":true,"href":"https:\/\/willizblog.de\/index.php?rest_route=\/wp\/v2\/users\/1"}],"replies":[{"embeddable":true,"href":"https:\/\/willizblog.de\/index.php?rest_route=%2Fwp%2Fv2%2Fcomments&post=387"}],"version-history":[{"count":0,"href":"https:\/\/willizblog.de\/index.php?rest_route=\/wp\/v2\/posts\/387\/revisions"}],"wp:attachment":[{"href":"https:\/\/willizblog.de\/index.php?rest_route=%2Fwp%2Fv2%2Fmedia&parent=387"}],"wp:term":[{"taxonomy":"category","embeddable":true,"href":"https:\/\/willizblog.de\/index.php?rest_route=%2Fwp%2Fv2%2Fcategories&post=387"},{"taxonomy":"post_tag","embeddable":true,"href":"https:\/\/willizblog.de\/index.php?rest_route=%2Fwp%2Fv2%2Ftags&post=387"}],"curies":[{"name":"wp","href":"https:\/\/api.w.org\/{rel}","templated":true}]}}