{"id":388,"date":"2006-02-05T17:42:53","date_gmt":"2006-02-05T16:42:53","guid":{"rendered":"http:\/\/www.albinz.de\/blog\/?p=388"},"modified":"2006-02-05T17:42:53","modified_gmt":"2006-02-05T16:42:53","slug":"jans-kalenderblatt-januar-2006","status":"publish","type":"post","link":"https:\/\/willizblog.de\/?p=388","title":{"rendered":"Jans Kalenderblatt: Januar 2006"},"content":{"rendered":"<p>Das ber\u00fchmte Selbstgebastelte hat immer noch Konjunktur, besonders wenn es von den eigenen Kindern ist. So malte uns unser Gro\u00dfer zu Weihnachten einen Kalender, f\u00fcr jeden Monat ein Blatt. Hier nachtr\u00e4glich das Kalenderblatt zum Monat Januar:<\/p>\n<ul><img src=\"https:\/\/www.willizblog.de\/albpics\/jans_kalender_2006_01.jpg\" alt=\"Jans Kalenderblatt: Januar 2006\" \/><\/ul>\n","protected":false},"excerpt":{"rendered":"<p>Das ber\u00fchmte Selbstgebastelte hat immer noch Konjunktur, besonders wenn es von den eigenen Kindern ist. So malte uns unser Gro\u00dfer zu Weihnachten einen Kalender, f\u00fcr jeden Monat ein Blatt. Hier nachtr\u00e4glich das Kalenderblatt zum Monat Januar:<\/p>\n","protected":false},"author":1,"featured_media":0,"comment_status":"closed","ping_status":"closed","sticky":false,"template":"","format":"standard","meta":[],"categories":[37],"tags":[],"_links":{"self":[{"href":"https:\/\/willizblog.de\/index.php?rest_route=\/wp\/v2\/posts\/388"}],"collection":[{"href":"https:\/\/willizblog.de\/index.php?rest_route=\/wp\/v2\/posts"}],"about":[{"href":"https:\/\/willizblog.de\/index.php?rest_route=\/wp\/v2\/types\/post"}],"author":[{"embeddable":true,"href":"https:\/\/willizblog.de\/index.php?rest_route=\/wp\/v2\/users\/1"}],"replies":[{"embeddable":true,"href":"https:\/\/willizblog.de\/index.php?rest_route=%2Fwp%2Fv2%2Fcomments&post=388"}],"version-history":[{"count":0,"href":"https:\/\/willizblog.de\/index.php?rest_route=\/wp\/v2\/posts\/388\/revisions"}],"wp:attachment":[{"href":"https:\/\/willizblog.de\/index.php?rest_route=%2Fwp%2Fv2%2Fmedia&parent=388"}],"wp:term":[{"taxonomy":"category","embeddable":true,"href":"https:\/\/willizblog.de\/index.php?rest_route=%2Fwp%2Fv2%2Fcategories&post=388"},{"taxonomy":"post_tag","embeddable":true,"href":"https:\/\/willizblog.de\/index.php?rest_route=%2Fwp%2Fv2%2Ftags&post=388"}],"curies":[{"name":"wp","href":"https:\/\/api.w.org\/{rel}","templated":true}]}}