{"id":3880,"date":"2011-01-24T10:23:45","date_gmt":"2011-01-24T09:23:45","guid":{"rendered":"http:\/\/www.willizblog.de\/?p=3880"},"modified":"2011-01-24T09:30:39","modified_gmt":"2011-01-24T08:30:39","slug":"enttauscht-und-frustriert","status":"publish","type":"post","link":"https:\/\/willizblog.de\/?p=3880","title":{"rendered":"Entt\u00e4uscht und frustriert"},"content":{"rendered":"<p><em><a href=\"http:\/\/www.werder.de\/de\/profis\/news\/30701.php\" target=\"_blank\">Fassungslos<\/a>, mit versteinerten Mienen, h\u00e4ngenden K\u00f6pfen und entt\u00e4uscht \u00fcber die eigene Leistung schlichen die Werder-Profis nach der 0:3-Niederlage beim 1. FC K\u00f6ln in die Kabine. \u201eWir sind sehr entt\u00e4uscht und frustriert&#8220;, fasste Thomas Schaaf den \u00c4rger \u00fcber die vorangegangen 90 Minuten im RheinEnergieStadion zusammen.<\/em> Wir? Und was ist mit den Fans?<\/p>\n<p>Ich wiederhole mich ungern: Was die Bremer Fu\u00dfballer aber zz. bieten, ist unter aller Sau. Anstatt fassungslos zu sein und zu labern, sollten sie endlich Fu\u00dfball spielen.<\/p>\n<p>Alle Welt wundert sich \u00fcber diesen \u201aAbgang\u2019 des SV Werder Bremen. Wie kann eine Mannschaft, die zuvor attraktiven Angriffsfu\u00dfball geboten hat, so weit sinken?<\/p>\n<p>Es gibt sicherlich eine Anzahl von Gr\u00fcnden. Das beginnt mit der Personalpolitik des Klaus Allofs\u2019. Mit Silvestre und Arnautovic hat man sich Probleme ins Haus geholt statt sie zu beseitigen. Silvestre zeigt sich \u2013 leider auch wie Frings \u2013 altersschwach und m\u00fcde. Arnautovic gibt sich weiter lustlos und steckt damit inzwischen auch seine Mitspieler an.<\/p>\n<p>Und dann gibt es die Spieler, denen man zunehmend Unf\u00e4higkeit bescheinigen muss: Pasanen ist wohl nur einer von ihnen. Und Tim Wiese tr\u00e4gt mit seinen Zornesausbr\u00fcchen auch nicht dazu bei, dass es aufw\u00e4rts geht, obwohl man ihn durchaus verstehen kann. Sorgenkinder also \u00fcberall.<\/p>\n<p>Da stellt sich dann die Frage, ob Thomas Schaaf noch der richtige Trainer ist, wenn es ihm nicht gelingt, die Mannschaft dorthin zu f\u00fchren, wo sie bisher stand. Es ist ein Teufelskreislauf: Manager \u2013 Trainer \u2013 Mannschaft \u2013 Manager \u2013 Trainer.<\/p>\n<p>Man wei\u00df nat\u00fcrlich, dass es anders, dass es besser geht. Nur wie kommt Werder Bremen wieder in die richtige Spur?<\/p>\n<p>Zun\u00e4chst muss man sich in Bremen damit anfinden, dass man Ziele wie die Teilnahme an internationalen Wettbewerben abhaken kann. Es geht gegen den Abstieg. Wer immer noch labert und sch\u00f6nrechnet (ja so viele Punkte sind noch zu machen), der hat den Ernst der Lage nicht erkannt.<\/p>\n<p>Sp\u00e4testens am Saisonende, wenn nicht schon fr\u00fcher, m\u00fcssen K\u00f6pfe rollen. Frings und Silvestre sollten in den Ruhestand gehen. Pasanen und auch Arnautovic (wenn dieser nicht endlich die Kurve kriegt) sollten in die W\u00fcste geschickt werden. Schwierig wird es sein, Spieler wie Wiese (der einzigste, der seine Leistung weiterhin abzurufen versteht) und Mertesacker \u00fcber die Saison hinaus zu halten. Das klingt hart. Aber Spieler die viel Geld an der Weser verdienen und daf\u00fcr keine Leistung bringen, haben hier nichts mehr verloren.<\/p>\n<p>Und noch eines: Es ist l\u00e4ngst noch nicht die Talsohle erreicht. Als Werder-Fan muss man sich darauf einstellen, dass an der Weser \u00fcber l\u00e4ngere Sicht hin kleinere Br\u00f6tchen gebacken werden. Die fetten Jahre sind vorbei.<\/p>\n<p>siehe auch zdf.de: <a href=\"http:\/\/fussball.zdf.de\/ZDFsport\/inhalt\/22\/0,5676,8200630,00.html\" target=\"_blank\">Champions-League-Dauergast nur noch Abstiegskandidat<\/a><\/p>\n","protected":false},"excerpt":{"rendered":"<p>Fassungslos, mit versteinerten Mienen, h\u00e4ngenden K\u00f6pfen und entt\u00e4uscht \u00fcber die eigene Leistung schlichen die Werder-Profis nach der 0:3-Niederlage beim 1. FC K\u00f6ln in die Kabine. \u201eWir sind sehr entt\u00e4uscht und frustriert&#8220;, fasste Thomas Schaaf den \u00c4rger \u00fcber die vorangegangen 90 Minuten im RheinEnergieStadion zusammen. Wir? Und was ist mit den Fans? Ich wiederhole mich ungern: &hellip; <a href=\"https:\/\/willizblog.de\/?p=3880\" class=\"more-link\"><span class=\"screen-reader-text\">Entt\u00e4uscht und frustriert<\/span> weiterlesen <span class=\"meta-nav\">&rarr;<\/span><\/a><\/p>\n","protected":false},"author":1,"featured_media":0,"comment_status":"open","ping_status":"open","sticky":false,"template":"","format":"standard","meta":[],"categories":[27],"tags":[],"_links":{"self":[{"href":"https:\/\/willizblog.de\/index.php?rest_route=\/wp\/v2\/posts\/3880"}],"collection":[{"href":"https:\/\/willizblog.de\/index.php?rest_route=\/wp\/v2\/posts"}],"about":[{"href":"https:\/\/willizblog.de\/index.php?rest_route=\/wp\/v2\/types\/post"}],"author":[{"embeddable":true,"href":"https:\/\/willizblog.de\/index.php?rest_route=\/wp\/v2\/users\/1"}],"replies":[{"embeddable":true,"href":"https:\/\/willizblog.de\/index.php?rest_route=%2Fwp%2Fv2%2Fcomments&post=3880"}],"version-history":[{"count":0,"href":"https:\/\/willizblog.de\/index.php?rest_route=\/wp\/v2\/posts\/3880\/revisions"}],"wp:attachment":[{"href":"https:\/\/willizblog.de\/index.php?rest_route=%2Fwp%2Fv2%2Fmedia&parent=3880"}],"wp:term":[{"taxonomy":"category","embeddable":true,"href":"https:\/\/willizblog.de\/index.php?rest_route=%2Fwp%2Fv2%2Fcategories&post=3880"},{"taxonomy":"post_tag","embeddable":true,"href":"https:\/\/willizblog.de\/index.php?rest_route=%2Fwp%2Fv2%2Ftags&post=3880"}],"curies":[{"name":"wp","href":"https:\/\/api.w.org\/{rel}","templated":true}]}}