{"id":3903,"date":"2011-01-29T14:06:18","date_gmt":"2011-01-29T13:06:18","guid":{"rendered":"http:\/\/www.willizblog.de\/?p=3903"},"modified":"2011-01-29T14:09:08","modified_gmt":"2011-01-29T13:09:08","slug":"coco-chanel-%e2%80%93-der-beginn-einer-leidenschaft","status":"publish","type":"post","link":"https:\/\/willizblog.de\/?p=3903","title":{"rendered":"Coco Chanel \u2013 Der Beginn einer Leidenschaft"},"content":{"rendered":"<p><a href=\"https:\/\/de.wikipedia.org\/wiki\/Coco_Chanel_%E2%80%93_Der_Beginn_einer_Leidenschaft\" target=\"_blank\">Coco Chanel \u2013 Der Beginn einer Leidenschaft<\/a> (Originaltitel: <em>Coco avant Chanel<\/em>, dt. Coco vor Chanel) ist ein franz\u00f6sischer Film von Anne Fontaine aus dem Jahr 2009. Er basiert auf einem Lebensabschnitt der bekannten franz\u00f6sischen Modedesignerin Coco Chanel. In der Titelrolle spielt <a href=\"https:\/\/de.wikipedia.org\/wiki\/Audrey_Tautou\" target=\"_blank\">Audrey Tautou<\/a>, die wir vor allem aus der <a href=\"https:\/\/www.willizblog.de\/?p=1139\" target=\"_blank\">Fabelhaften Welt der Am\u00e9lie<\/a> kennen.<\/p>\n<p><em>Das Waisenkind Gabrielle Chanel tritt gemeinsam mit ihrer Schwester Adrienne (Marie Gillain) in Spelunken mit einer frivolen Tanz- und Gesangsnummer auf, daneben arbeitet sie noch als N\u00e4herin. Als sie den ebenso charmanten wie bisweilen widerw\u00e4rtigen Offizier Etienne Balsan (Benoit Poelvoorde, Asterix bei den Olympischen Spielen) kennenlernt, zieht sie zu ihm auf seinen Landsitz in der N\u00e4he von Paris und wird eine seiner vielen Frauen. Die ernste, introvertierte, aber dennoch schlagfertige Gabrielle verbringt eine ganze Weile mit dem Lebemann und seinen Gespielinnen \u2013 auf der Pferderennbahn, im Blumenzimmer und auf luxuri\u00f6sen Gartenpartys. Als sie auf einer solchen Feier einen englischen Gesch\u00e4ftsmann trifft, verliebt sie sich. Dazwischen experimentiert sie mit ihrer Kleidung, zieht sich M\u00e4nnersachen an, entfernt unn\u00f6tigen Pomp von ihren Kleidern und legt so den Grundstein f\u00fcr ihren sp\u00e4teren Erfolg im Modebusiness\u2026<\/em><\/p>\n<p>aus: <a href=\"http:\/\/www.filmstarts.de\/kritiken\/101983-Coco-Chanel.html\" target=\"_blank\">filmstart.de<\/a><\/p>\n<p><a href=\"https:\/\/de.wikipedia.org\/wiki\/Coco_Chanel\" target=\"_blank\">Coco Chanel<\/a>, eigentlich Gabrielle Bonheur Chasnel, (* 19. August 1883 in Saumur, Pays de la Loire; \u2020 10. Januar 1971 in Paris) war eine franz\u00f6sische Modedesignerin und Begr\u00fcnderin des <a href=\"https:\/\/de.wikipedia.org\/wiki\/Chanel\" target=\"_blank\">Chanel<\/a>-Modeimperiums, sowie eine wichtige Pers\u00f6nlichkeit der Mode-Geschichte des 20. Jahrhunderts. Ihr au\u00dferordentlicher Einfluss auf die Haute Couture war so bedeutend, dass sie als einzige Person aus dieser Berufsgruppe von der US Zeitschrift Time Magazine zu den 100 einflussreichsten Personen des 20. Jahrhunderts gez\u00e4hlt wurde.<\/p>\n<p>1916 war sie Wegbereiterin einer funktionellen Damenmode mit wadenlangem Rock, lose geg\u00fcrtetem Oberteil und Kurzhaarschnitt. In den 1920er Jahren kreierte Coco Chanel das <a href=\"https:\/\/de.wikipedia.org\/wiki\/Kleines_Schwarzes\" target=\"_blank\">\u201eKleine Schwarze\u201c<\/a>. 1923 brachte sie das Parfum \u201eChanel N\u00ba 5\u201c auf den Markt. Ab Mitte der 1950er Jahre wurde ihr Chanelkost\u00fcm mit losem, meist bordiertem J\u00e4ckchen und ausgestelltem Rock weltbekannt.<\/p>\n<p>1983 wurde <a href=\"https:\/\/de.wikipedia.org\/wiki\/Karl_Lagerfeld\" target=\"_blank\">Karl Lagerfeld<\/a> zun\u00e4chst als Berater f\u00fcr die Haute Couture eingestellt und 1984 zum Chef-Designer der gesamten Mode-Sparte des Hauses ernannt. Lagerfeld verhalf durch moderne Interpretationen des Erbes von Coco Chanel der Modemarke wieder zu ihrem altem Glanz und trug ma\u00dfgeblich dazu bei, dass Chanel heute zu den tonangebenden Top-Marken in der hochpreisigen Damenmode z\u00e4hlt.<\/p>\n<p><iframe loading=\"lazy\" title=\"YouTube video player\" class=\"youtube-player\" type=\"text\/html\" width=\"540\" height=\"330\" src=\"https:\/\/www.youtube.com\/embed\/6L6_nNaCXMk\" frameborder=\"0\" allowFullScreen><\/iframe><br \/>\nCoco Chanel \u2013 Der Beginn einer Leidenschaft<\/p>\n<p>Obwohl ich selbst ein absoluter Modemuffel bin \u2013 ich sehe Kleidung funktional, nicht so sehr nach \u00e4sthetischen Gesichtspunkten \u2013 interessiert mich Mode, d.h. die Haute Couture, durchaus. Was mich daran fasziniert ist das hohe Ma\u00df an Kreativit\u00e4t, die das Schneiderhandwerk zu einer Kunst erhebt. Deshalb interessierte mich nat\u00fcrlich auch der Film \u00fcber Coco Chanel, den ich mit meinen Lieben in diesen Tagen gesehen habe. Der Film ist als DVD <a href=\"https:\/\/www.amazon.de\/gp\/product\/B002LVUKJW?ie=UTF8&#038;tag=familiealbin-21&#038;linkCode=as2&#038;camp=1638&#038;creative=6742&#038;creativeASIN=B002LVUKJW\" target=\"_blank\"><strong>Coco Chanel: Der Beginn einer Leidenschaft<\/strong><\/a><img loading=\"lazy\" src=\"https:\/\/www.assoc-amazon.de\/e\/ir?t=familiealbin-21&#038;l=as2&#038;o=3&#038;a=B002LVUKJW\" width=\"1\" height=\"1\" border=\"0\" alt=\"\" style=\"border:none !important; margin:0px !important;\" \/> erh\u00e4ltlich.<\/p>\n<p><em>Tautous Darstellung und die schn\u00f6rkellose Inszenierung Fontaines liefern dabei ein rundum gelungenes Biopic der gro\u00dfen Modesch\u00f6pferin. Der Fokus <a href=\"http:\/\/wwws.warnerbros.de\/cocoavantchanel\/\" target=\"_blank\">des Films<\/a> liegt dabei auf den fr\u00fchen Jahren Chanels, ihrem Werdegang und den Wurzeln ihres Erfolgs \u2013 der Durchbruch selbst bildet dann nur den H\u00f6hepunkt. Im Original hei\u00dft der Film daher sinnigerweise auch \u201eCoco Avant Chanel\u201c, also \u201eCoco vor Chanel\u201c.<\/em><\/p>\n<p><em>Audrey Tautou gelingt es, die Eleganz und das strenge Wesen Chanels zu transportieren, ihre Konzentriertheit, ihre St\u00e4rke, aber auch ihre Zerbrechlichkeit. Sie bel\u00e4sst ihrer Figur die mythische Aura des Urbildes der modernen Frau und schafft zugleich Raum f\u00fcr die Schw\u00e4chen Chanels. Denn wenngleich diese ihrer Zeit weit voraus war, gelang es ihr nicht immer, sich von den Zw\u00e4ngen der selbigen zu befreien. Die einfache Gleichung, dass Coco Chanel mit dem Korsett unter ihrem Abendkleid unmittelbar auch das Korsett der Gesellschaft abgestreift habe, ist eben historisch nicht ganz korrekt und die Filmemacher tun gut daran, auch diesen Aspekt angemessen zu ber\u00fccksichtigen und nicht in eine erstarrte Bewunderung zu verfallen.<\/em><\/p>\n","protected":false},"excerpt":{"rendered":"<p>Coco Chanel \u2013 Der Beginn einer Leidenschaft (Originaltitel: Coco avant Chanel, dt. Coco vor Chanel) ist ein franz\u00f6sischer Film von Anne Fontaine aus dem Jahr 2009. Er basiert auf einem Lebensabschnitt der bekannten franz\u00f6sischen Modedesignerin Coco Chanel. In der Titelrolle spielt Audrey Tautou, die wir vor allem aus der Fabelhaften Welt der Am\u00e9lie kennen. Das &hellip; <a href=\"https:\/\/willizblog.de\/?p=3903\" class=\"more-link\"><span class=\"screen-reader-text\">Coco Chanel \u2013 Der Beginn einer Leidenschaft<\/span> weiterlesen <span class=\"meta-nav\">&rarr;<\/span><\/a><\/p>\n","protected":false},"author":1,"featured_media":0,"comment_status":"open","ping_status":"open","sticky":false,"template":"","format":"standard","meta":[],"categories":[13],"tags":[],"_links":{"self":[{"href":"https:\/\/willizblog.de\/index.php?rest_route=\/wp\/v2\/posts\/3903"}],"collection":[{"href":"https:\/\/willizblog.de\/index.php?rest_route=\/wp\/v2\/posts"}],"about":[{"href":"https:\/\/willizblog.de\/index.php?rest_route=\/wp\/v2\/types\/post"}],"author":[{"embeddable":true,"href":"https:\/\/willizblog.de\/index.php?rest_route=\/wp\/v2\/users\/1"}],"replies":[{"embeddable":true,"href":"https:\/\/willizblog.de\/index.php?rest_route=%2Fwp%2Fv2%2Fcomments&post=3903"}],"version-history":[{"count":0,"href":"https:\/\/willizblog.de\/index.php?rest_route=\/wp\/v2\/posts\/3903\/revisions"}],"wp:attachment":[{"href":"https:\/\/willizblog.de\/index.php?rest_route=%2Fwp%2Fv2%2Fmedia&parent=3903"}],"wp:term":[{"taxonomy":"category","embeddable":true,"href":"https:\/\/willizblog.de\/index.php?rest_route=%2Fwp%2Fv2%2Fcategories&post=3903"},{"taxonomy":"post_tag","embeddable":true,"href":"https:\/\/willizblog.de\/index.php?rest_route=%2Fwp%2Fv2%2Ftags&post=3903"}],"curies":[{"name":"wp","href":"https:\/\/api.w.org\/{rel}","templated":true}]}}