{"id":3912,"date":"2011-01-31T10:34:14","date_gmt":"2011-01-31T09:34:14","guid":{"rendered":"http:\/\/www.willizblog.de\/?p=3912"},"modified":"2011-01-31T08:36:10","modified_gmt":"2011-01-31T07:36:10","slug":"werder-reagiert-%e2%80%a6","status":"publish","type":"post","link":"https:\/\/willizblog.de\/?p=3912","title":{"rendered":"Werder reagiert \u2026"},"content":{"rendered":"<p>Ja, was soll ich da <a href=\"https:\/\/www.willizblog.de\/?p=3880\" target=\"_blank\">noch schreiben<\/a>? Liest man auf der Website des Fu\u00dfball-Bundesligisten Werder Bremen, dann steht dort immer wieder, dass man auf Augenh\u00f6he dem Gegner entgegentreten wird. F\u00fcr die Bayern reichte es diesmal immerhin f\u00fcr eine knappe Stunde. Am Ende verlor man durch diverse individuelle Fehler dann doch noch sang- und klanglos 1:3. Da war nichts mehr mit \u201aAugenh\u00f6he\u2019. Und Tim Wiese durfte zudem noch das Feld nach einer Notbremse r\u00e4umen: rote Karte! Genug der Heulerei &#8230;<\/p>\n<p>Es gibt Neues bei Werder Bremen zu vermelden: Bereits Mesut \u00d6zil kam seinerzeit vom FC Schalke 04; jetzt ist es der junge Mittelfeldspieler <a href=\"http:\/\/www.transfermarkt.de\/de\/werder-verpflichtet-schalker-stevanovic--samuel-soll-folgen\/news\/anzeigen_54630.html\" target=\"_blank\">Predrag Stevanovic<\/a>, der aus Gelsenkirchen an die Weser wechselt. Und dem nicht genug: Werder reagiert auf seine Misere in der Abwehr und steht kurz davor, den jungen Brasilianer \u201eSamuel\u201c Firmino de Jesus zu verpflichten. Er k\u00f6nnte einen der Langzeitverletzten Naldo und Boenisch ersetzen.<\/p>\n<p>Was Werder zz. fehlt, ist ein echter Spielmacher. Der Abgang von \u00d6zil wiegt wohl schwerer als man es h\u00e4tte denken k\u00f6nnen. Stavanovic k\u00f6nnte in den n\u00e4chsten Jahren vielleicht in diese Rolle hineinwachsen. \u201eWir sind davon \u00fcberzeugt, dass er sich bei uns sehr gut weiterentwickeln kann\u00bb, erkl\u00e4rte Werder-Gesch\u00e4ftsf\u00fchrer Klaus Allofs. Aber bis dahin ist es noch ein langer Weg.<\/p>\n<p>Zyniker behaupten angesichts dieser Transfers, dass Allofs wohl schon f\u00fcr die zweite Liga plant. Als echte Verst\u00e4rkung sind beide Wechsel (wenn\u2019s denn auch mit Samuel klappen sollte) nicht zu werten, eher als Notl\u00f6sungen und als Planungen f\u00fcr die Zukunft.<\/p>\n<p>Das Dilemma ist bekannt: Werders Kassen sind so gut wie leer (da kommt dann noch der Stadionausbau hinzu, der mehr kostet als geplant), der Kader ist aber gro\u00df und hat Spieler, die man wohl zu den Spitzenverdienern der Liga z\u00e4hlen darf. Zwar gehe ich immer noch davon aus, dass Werder die Klasse h\u00e4lt, aber die Planungen von Klaus Allofs zeigen es bereit: Man richtet sich auf magere Jahre ein und plant f\u00fcr sp\u00e4ter. Was hei\u00dft das konkret? Die Fans m\u00fcssen sich darauf einstellen, die n\u00e4chsten drei oder vier Jahre keinen Spitzensport mehr an der Weser zu sehen. Das bedeutet auch, dass bestimmte Spitzenverdiener mit kleinerem Sal\u00e4r zufrieden sein m\u00fcssen \u2013 oder Bremen verlassen.<\/p>\n<p>Das nennt man dann wohl Neuaufbau. Und das sollte man auch nach au\u00dfen deutlich machen. Sch\u00f6nreden, verschleiern usw. hilft da nicht mehr. Es geht bergab und kann nur durch sinnvolle Zukunftsarbeit aufgefangen werden. Aber das wird seine Jahre dauern &#8230;<\/p>\n","protected":false},"excerpt":{"rendered":"<p>Ja, was soll ich da noch schreiben? Liest man auf der Website des Fu\u00dfball-Bundesligisten Werder Bremen, dann steht dort immer wieder, dass man auf Augenh\u00f6he dem Gegner entgegentreten wird. F\u00fcr die Bayern reichte es diesmal immerhin f\u00fcr eine knappe Stunde. Am Ende verlor man durch diverse individuelle Fehler dann doch noch sang- und klanglos 1:3. &hellip; <a href=\"https:\/\/willizblog.de\/?p=3912\" class=\"more-link\"><span class=\"screen-reader-text\">Werder reagiert \u2026<\/span> weiterlesen <span class=\"meta-nav\">&rarr;<\/span><\/a><\/p>\n","protected":false},"author":1,"featured_media":0,"comment_status":"open","ping_status":"open","sticky":false,"template":"","format":"standard","meta":[],"categories":[27],"tags":[],"_links":{"self":[{"href":"https:\/\/willizblog.de\/index.php?rest_route=\/wp\/v2\/posts\/3912"}],"collection":[{"href":"https:\/\/willizblog.de\/index.php?rest_route=\/wp\/v2\/posts"}],"about":[{"href":"https:\/\/willizblog.de\/index.php?rest_route=\/wp\/v2\/types\/post"}],"author":[{"embeddable":true,"href":"https:\/\/willizblog.de\/index.php?rest_route=\/wp\/v2\/users\/1"}],"replies":[{"embeddable":true,"href":"https:\/\/willizblog.de\/index.php?rest_route=%2Fwp%2Fv2%2Fcomments&post=3912"}],"version-history":[{"count":0,"href":"https:\/\/willizblog.de\/index.php?rest_route=\/wp\/v2\/posts\/3912\/revisions"}],"wp:attachment":[{"href":"https:\/\/willizblog.de\/index.php?rest_route=%2Fwp%2Fv2%2Fmedia&parent=3912"}],"wp:term":[{"taxonomy":"category","embeddable":true,"href":"https:\/\/willizblog.de\/index.php?rest_route=%2Fwp%2Fv2%2Fcategories&post=3912"},{"taxonomy":"post_tag","embeddable":true,"href":"https:\/\/willizblog.de\/index.php?rest_route=%2Fwp%2Fv2%2Ftags&post=3912"}],"curies":[{"name":"wp","href":"https:\/\/api.w.org\/{rel}","templated":true}]}}