{"id":393,"date":"2006-02-22T22:58:48","date_gmt":"2006-02-22T21:58:48","guid":{"rendered":"http:\/\/www.albinz.de\/blog\/?p=393"},"modified":"2006-02-23T07:45:52","modified_gmt":"2006-02-23T06:45:52","slug":"jo-es-geht-doch","status":"publish","type":"post","link":"https:\/\/willizblog.de\/?p=393","title":{"rendered":"Jo(e), es geht doch"},"content":{"rendered":"<p>Endlich hat die Mannschaft von <a href=\"http:\/\/www.werder.de\/index.php\" target=\"_blank\">Werder Bremen<\/a> gezeigt, welches Potential in ihr steckt. In einem Superspiel schlug Werder heute Abend im Achtelfinalhinspiel der Champions League Juventus Turin mit 3:2 und wahrte damit die Chance auf die n\u00e4chste Runde. Die 1:0-Halbzeitf\u00fchrung verwandelte Turin zwar in ein 1:2, aber die Bremer Jungs gaben nicht auf und erzielten in der Schlussphase nicht nur den Ausgleich, sondern auch noch durch Joe Micoud den Sieg. Und sehr erfreulich dabei: Miroslav Klose feierte sein Comeback nach der Schulterverletzung. Damit ist der K&#038;K-Sturm wieder beieinander &#8230; Ich denke: Dieser Sieg sollte das Selbstbewusstsein st\u00e4rker, um vielleicht auch in der Bundesliga den kr\u00e4nkelnden Bayern auf den Pelz zu r\u00fccken.<\/p>\n<ul><img src=\"https:\/\/www.willizblog.de\/albpics\/werder0506_claf.jpg\" alt=\"Werders 3:2-Sieg gegen Juventus Turin\" \/><\/ul>\n","protected":false},"excerpt":{"rendered":"<p>Endlich hat die Mannschaft von Werder Bremen gezeigt, welches Potential in ihr steckt. In einem Superspiel schlug Werder heute Abend im Achtelfinalhinspiel der Champions League Juventus Turin mit 3:2 und wahrte damit die Chance auf die n\u00e4chste Runde. Die 1:0-Halbzeitf\u00fchrung verwandelte Turin zwar in ein 1:2, aber die Bremer Jungs gaben nicht auf und erzielten &hellip; <a href=\"https:\/\/willizblog.de\/?p=393\" class=\"more-link\"><span class=\"screen-reader-text\">Jo(e), es geht doch<\/span> weiterlesen <span class=\"meta-nav\">&rarr;<\/span><\/a><\/p>\n","protected":false},"author":1,"featured_media":0,"comment_status":"closed","ping_status":"closed","sticky":false,"template":"","format":"standard","meta":[],"categories":[27],"tags":[],"_links":{"self":[{"href":"https:\/\/willizblog.de\/index.php?rest_route=\/wp\/v2\/posts\/393"}],"collection":[{"href":"https:\/\/willizblog.de\/index.php?rest_route=\/wp\/v2\/posts"}],"about":[{"href":"https:\/\/willizblog.de\/index.php?rest_route=\/wp\/v2\/types\/post"}],"author":[{"embeddable":true,"href":"https:\/\/willizblog.de\/index.php?rest_route=\/wp\/v2\/users\/1"}],"replies":[{"embeddable":true,"href":"https:\/\/willizblog.de\/index.php?rest_route=%2Fwp%2Fv2%2Fcomments&post=393"}],"version-history":[{"count":0,"href":"https:\/\/willizblog.de\/index.php?rest_route=\/wp\/v2\/posts\/393\/revisions"}],"wp:attachment":[{"href":"https:\/\/willizblog.de\/index.php?rest_route=%2Fwp%2Fv2%2Fmedia&parent=393"}],"wp:term":[{"taxonomy":"category","embeddable":true,"href":"https:\/\/willizblog.de\/index.php?rest_route=%2Fwp%2Fv2%2Fcategories&post=393"},{"taxonomy":"post_tag","embeddable":true,"href":"https:\/\/willizblog.de\/index.php?rest_route=%2Fwp%2Fv2%2Ftags&post=393"}],"curies":[{"name":"wp","href":"https:\/\/api.w.org\/{rel}","templated":true}]}}