{"id":3931,"date":"2011-02-07T11:05:58","date_gmt":"2011-02-07T10:05:58","guid":{"rendered":"http:\/\/www.willizblog.de\/?p=3931"},"modified":"2011-02-07T15:16:55","modified_gmt":"2011-02-07T14:16:55","slug":"das-ende-der-tyrannen","status":"publish","type":"post","link":"https:\/\/willizblog.de\/?p=3931","title":{"rendered":"Das Ende der Tyrannen"},"content":{"rendered":"<p>Es war Mitte der achtziger Jahre: Ich hatte mir mit meiner heutigen Frau eine Schlafcouch gekauft, die wir uns selbst abholen mussten. Wir wohnten damals in Hamburg-Eimsb\u00fcttel und liehen uns f\u00fcr den Transport das Autos meines Schwagers aus. Just an diesem Tag war der \u00e4gyptische Staatspr\u00e4sident <a href=\"https:\/\/de.wikipedia.org\/wiki\/Husni_Mubarak\" target=\"_blank\">Mubarak<\/a> in Hamburg, um u.a. die <a href=\"https:\/\/de.wikipedia.org\/wiki\/Beiersdorf_AG\" target=\"_blank\">Beiersdorf AG<\/a> zu besichtigen. Und nat\u00fcrlich mussten wir einen gr\u00f6\u00dferen Umweg in Kauf nehmen, weil mehrere Stra\u00dfen in Hamburg wegen des Besuchs gesperrt waren. So etwas merkt man sich &#8230;<\/p>\n<p>Tyrannen nehmen in der Regel ein b\u00f6ses Ende. Das ist fast schon Gesetz. So d\u00fcrfte jetzt auch die Zeit eines Husni Mubarak zu Ende gehen, der seit drei\u00dfig Jahren \u00c4gypten autokratisch und mit Hilfe des Milit\u00e4rs regiert. Seit diesen drei\u00dfig Jahren besteht in \u00c4gypten ein Ausnahmezustand zur Unterdr\u00fcckung der Opposition. Nach blutigen Auseinandersetzungen wird jetzt in Kairo immerhin auf Verhandlungen gesetzt \u2013 ein Ende des Ausnahmezustands ist in Sicht \u2013 und bei den im September geplanten Pr\u00e4sidentschaftswahlen will Staatschef Mubarak nicht mehr antreten. Es sieht nach einem friedlichen Wandel in \u00c4gypten aus. Aber nicht immer verlaufen solche Wechsel so friedfertig.<\/p>\n<p>Immer wieder haben menschenverachtete Despoten die Welt in Atem gehalten. Die Namen der <a href=\"https:\/\/www.willizblog.de\/?p=812\" target=\"_blank\">Massenm\u00f6rder<\/a> Hitler und Stalin bilden dabei nur die Spitze des Eisbergs. Und meist geht die Gewaltherrschaft eines solchen Tyrannen einher mit einem ausgepr\u00e4gten Personenkult. Da fallen mir bezogen auf Afrika Namen ein wie <a href=\"https:\/\/de.wikipedia.org\/wiki\/Idi_Amin\" target=\"_blank\">Idi Amin<\/a> oder <a href=\"https:\/\/de.wikipedia.org\/wiki\/Jean-B%C3%A9del_Bokassa\" target=\"_blank\">Jean-B\u00e9del Bokassa<\/a>, der sich sogar zum Kaiser kr\u00f6nen lie\u00df. Beide wurden zwar aus ihrem Amt gejagt, verbrachten aber doch noch einen mehr oder weniger sorglosen Lebensabend. Und fast drei\u00dfig Jahre knechtete erst <a href=\"https:\/\/de.wikipedia.org\/wiki\/Fran%C3%A7ois_Duvalier\" target=\"_blank\">Fran\u00e7ois \u201ePapa Doc\u201c Duvalier<\/a>, dann sein Sohn <a href=\"https:\/\/de.wikipedia.org\/wiki\/Jean-Claude_Duvalier\" target=\"_blank\">Jean-Claude \u201eBaby Doc\u201c Duvalier<\/a> das Volk von Haiti.<\/p>\n<p>Was mich immer wieder \u00fcberrascht hat, ist, dass viele F\u00fchrer sozialistischer Staaten wie die K\u00f6nige und Kaiser gelebt haben, w\u00e4hrend ihr Volk hungerte. Da denken wir zuerst an <a href=\"https:\/\/de.wikipedia.org\/wiki\/Kim_Il-sung\" target=\"_blank\">Kim Il-sung<\/a> und nach seinem Tod an seinen Sohn <a href=\"https:\/\/de.wikipedia.org\/wiki\/Kim_Jong-il\" target=\"_blank\">Kim Jong-il<\/a>, die Nordkorea seit \u00fcber 50 Jahren in den Ruin lenken.<\/p>\n<p>Mir selbst kommt nat\u00fcrlich <a href=\"https:\/\/de.wikipedia.org\/wiki\/Nicolae_Ceau%C8%99escu\" target=\"_blank\">Nicolae Ceausescu<\/a> in den Sinn, der ab 1967 als Staatspr\u00e4sident Rum\u00e4nien regierte und mit seiner Familie, allen voran <a href=\"https:\/\/de.wikipedia.org\/wiki\/Elena_Ceau%C8%99escu\" target=\"_blank\">Ehefrau Elena<\/a>, eine Vetternwirtschaft ohne Gleichen betrieb. \u00c4hnlich wie Mubarak genoss Ceau&#351;escu im Westen einiges Ansehen, zumal er nach dem Olympiaboybott der Spiele in <a href=\"https:\/\/de.wikipedia.org\/wiki\/Olympische_Sommerspiele_1980\" target=\"_blank\">Moskau 1980<\/a> Rum\u00e4nien nicht am Gegenboykott der Spiele in <a href=\"https:\/\/de.wikipedia.org\/wiki\/Olympische_Sommerspiele_1984\" target=\"_blank\">Los Angeles 1984<\/a> durch die Sowjetunion und weiterer sozialistischer Staaten teilnehmen lie\u00df (Rum\u00e4nien kam nach den USA auf Platz zwei im Medaillenspiegel). Sicherlich waren besonders die Erd\u00f6l- und Erdgasverkommen in Rum\u00e4nien ein wichtiger Grund f\u00fcr den Westen, dem Diktator in Bukarest wohl gestimmt entgegenzutreten.<\/p>\n<p>Rum\u00e4nien habe ich ja mit meiner Frau bei zwei Aufenthalten in dem Land (<a href=\"https:\/\/www.willizblog.de\/?p=3804\" target=\"_blank\">Jahreswechsel 1984\/1985 in Sinaia\/Rum\u00e4nien<\/a> und <a href=\"https:\/\/www.willizblog.de\/?p=3840\" target=\"_blank\">Winterurlaub in Predeal\/Rum\u00e4nien<\/a>) besucht. Dabei lernten wir auch den Herrn Nicolae Ceau&#351;escu im rum\u00e4nischen Fernsehen kennen, wo er anl\u00e4sslich seines Geburtstages am 26. Januar eine seiner Endlosreden hielt. In der N\u00e4he von Sinaia liegt das <a href=\"https:\/\/de.wikipedia.org\/wiki\/Schloss_Pele%C8%99\" target=\"_blank\">Schloss Pele&#351;<\/a>, in dem Ceau&#351;escu im Sommer wie die ehemaligen rum\u00e4nischen K\u00f6nige residierte. Die Herrschaft des Ceau&#351;escu-Clans beruhte haupts\u00e4chlich auf den Terror der Geheimpolizei <a href=\"https:\/\/de.wikipedia.org\/wiki\/Securitate\" target=\"_blank\">Securitate<\/a>, die wohl eher mit der <a href=\"https:\/\/de.wikipedia.org\/wiki\/Geheime_Staatspolizei\" target=\"_blank\">Gestapo<\/a> der Nationalsozialisten zu vergleichen war als mit der <a href=\"https:\/\/de.wikipedia.org\/wiki\/Ministerium_f%C3%BCr_Staatssicherheit\" target=\"_blank\">Stasi<\/a>, aber mit der Stasi \u00e4hnliche Strukturen aufwies.<\/p>\n<p>Nach Glasnost und Perestroika, Transparenz und Umgestaltung, in der UdSSR und dem Fall der Berliner Mauer war dann Ende des Jahres 1989 auch der rum\u00e4nische Tyrann Ceau&#351;escu an der Reihe, seinen Hut resp. Kopf  zu nehmen: <\/p>\n<p><img src=\"https:\/\/www.willizblog.de\/blogpicts\/ceausescu_hingerichtet.jpg\" alt=\"Schlagzeile 27.12.1989: Ceausescu hingerichtet\" \/><br \/>\nSchlagzeile und <a href=\"https:\/\/www.willizblog.de\/blogpicts\/ceausescu_hingerichtet_sueddeutsche_zeitung_1989_12_27.jpg\" target=\"_blank\">Ausschnitt<\/a> aus der \u201eS\u00fcddeutschen Zeitung\u201c vom Mittwoch, den 27.Dezember 1989<\/p>\n<p><em>Nach einer zweit\u00e4gigen Reise in den Iran sprach Nicolae Ceau&#351;escu am 21. Dezember 1989 zu einer Menge von 100.000 Menschen im Zentrum von Bukarest. Nachdem die Menge gegen ihn zu schreien begann, er\u00f6ffnete die Securitate das Feuer, aber das Milit\u00e4r unter Verteidigungsminister Vasile Milea weigerte sich, es ihr gleichzutun. Ceau&#351;escu lie\u00df Milea erschie\u00dfen. Elena Ceau&#351;escu verlangte von den Securitatechefs, die Demonstranten alle \u201ein den Kerker\u201c zu werfen, sie zusammenzuschlagen und sie alle zu t\u00f6ten. Das Diktatorenpaar selbst versuchte schlie\u00dflich, mit einem Hubschrauber aus der Hauptstadt zu entkommen. Mit Mileas Hinrichtung wurde aus der neutralen Position der Armee Feindschaft. Die Armee und die Securitate trugen in Bukarest offene Stra\u00dfenk\u00e4mpfe aus, und Hunderte, vielleicht Tausende wurden im Schusswechsel get\u00f6tet. Die Ceau&#351;escus wurden schlie\u00dflich in T\u00e2rgovi&#351;te verhaftet. Elena und Nicolae Ceau&#351;escu wurden in einem Schnellverfahren zum Tode verurteilt. Die Durchf\u00fchrung dieses Verfahrens hatte Nicolae Ceau&#351;escu unmittelbar vor seiner Festnahme durch die Einsetzung des nationalen Ausnahmezustandes erm\u00f6glicht. Am 25. Dezember wurden beide standrechtlich erschossen.<\/em><\/p>\n<p>Ber\u00fchmt-ber\u00fcchtigt war der Spr\u00f6ssling des Ceau&#351;escu-Clans und auserkorener Kronprinz, <a href=\"https:\/\/de.wikipedia.org\/wiki\/Nicu_Ceau%C8%99escu\" target=\"_blank\">Nicu Ceau&#351;escu<\/a>, der in der Bev\u00f6lkerung wegen seiner Eskapaden gef\u00fcrchtet und verhasst zugleich war. Er liebte den Luxus, veranstaltete gern n\u00e4chtliche Zechgelage und schreckte vor allem vor brutaler Gewalt nicht zur\u00fcck. \u00dcberliefert sind zahllose Vergewaltigungen und \u00dcbergriffe auf G\u00e4ste von Nachtclubs.<\/p>\n<p>Ich will Ceau&#351;escu nicht unbedingt mit Mubarak vergleichen. Aber auch der \u00e4gyptische Staatspr\u00e4sident ist ein Autokrat, der geradezu uneingeschr\u00e4nkt \u00fcber sein Land regiert und vom Westen wegen seiner moderaten Politik gegen\u00fcber Israel jahrelang hofiert wird. In diesen Tagen erleben wir einen Umbruch in mehreren arabischen Staaten, der uns hier im Westen \u00fcberrascht. Welchen Ausgang das nehmen wird, ist noch nicht absehbar. Dass aber wieder ein Tyrann sein Ende findet, ist so gut wie ausgemacht.<\/p>\n<p><strong>\u00dcbrigens:<\/strong> Der Mubarak-Clan soll im Laufe der Jahre bis zu 40 Milliarden Dollar auf die Seite geschafft haben. Korrekt verdientes Geld kann das nicht sein (siehe dw-world.de: <a href=\"http:\/\/www.dw-world.de\/dw\/article\/0,,6428578,00.html\" target=\"_blank\">Reich, reicher, Mubarak?<\/a>)<\/p>\n","protected":false},"excerpt":{"rendered":"<p>Es war Mitte der achtziger Jahre: Ich hatte mir mit meiner heutigen Frau eine Schlafcouch gekauft, die wir uns selbst abholen mussten. Wir wohnten damals in Hamburg-Eimsb\u00fcttel und liehen uns f\u00fcr den Transport das Autos meines Schwagers aus. Just an diesem Tag war der \u00e4gyptische Staatspr\u00e4sident Mubarak in Hamburg, um u.a. die Beiersdorf AG zu &hellip; <a href=\"https:\/\/willizblog.de\/?p=3931\" class=\"more-link\"><span class=\"screen-reader-text\">Das Ende der Tyrannen<\/span> weiterlesen <span class=\"meta-nav\">&rarr;<\/span><\/a><\/p>\n","protected":false},"author":1,"featured_media":0,"comment_status":"open","ping_status":"open","sticky":false,"template":"","format":"standard","meta":[],"categories":[12],"tags":[],"_links":{"self":[{"href":"https:\/\/willizblog.de\/index.php?rest_route=\/wp\/v2\/posts\/3931"}],"collection":[{"href":"https:\/\/willizblog.de\/index.php?rest_route=\/wp\/v2\/posts"}],"about":[{"href":"https:\/\/willizblog.de\/index.php?rest_route=\/wp\/v2\/types\/post"}],"author":[{"embeddable":true,"href":"https:\/\/willizblog.de\/index.php?rest_route=\/wp\/v2\/users\/1"}],"replies":[{"embeddable":true,"href":"https:\/\/willizblog.de\/index.php?rest_route=%2Fwp%2Fv2%2Fcomments&post=3931"}],"version-history":[{"count":0,"href":"https:\/\/willizblog.de\/index.php?rest_route=\/wp\/v2\/posts\/3931\/revisions"}],"wp:attachment":[{"href":"https:\/\/willizblog.de\/index.php?rest_route=%2Fwp%2Fv2%2Fmedia&parent=3931"}],"wp:term":[{"taxonomy":"category","embeddable":true,"href":"https:\/\/willizblog.de\/index.php?rest_route=%2Fwp%2Fv2%2Fcategories&post=3931"},{"taxonomy":"post_tag","embeddable":true,"href":"https:\/\/willizblog.de\/index.php?rest_route=%2Fwp%2Fv2%2Ftags&post=3931"}],"curies":[{"name":"wp","href":"https:\/\/api.w.org\/{rel}","templated":true}]}}