{"id":3940,"date":"2011-02-09T10:25:25","date_gmt":"2011-02-09T09:25:25","guid":{"rendered":"http:\/\/www.willizblog.de\/?p=3940"},"modified":"2011-02-08T09:27:22","modified_gmt":"2011-02-08T08:27:22","slug":"arbeitskreistreffen","status":"publish","type":"post","link":"https:\/\/willizblog.de\/?p=3940","title":{"rendered":"Arbeitskreistreffen"},"content":{"rendered":"<p>Heute geht\u2019s weiter: Wieder kommen aus allen Himmelsrichtungen Deutschlands Leute bei uns zu einer Art <a href=\"https:\/\/www.willizblog.de\/?p=791\" target=\"_blank\">Arbeitkreis<\/a> zusammen. Es geht um Neuprogrammierung und Umstrukturierung im Betrieb, was unter dem <a href=\"https:\/\/de.wikipedia.org\/wiki\/Euphemismus\" target=\"_blank\">Euphemismus<\/a> \u201eHarmonisierung\u201c  geb\u00fcndelt wurde. Besonders nett daran ist, dass es so etwas wie eine Agenda, also Tagesordnung, nicht gibt. Ist ja schon hervorragend zu wissen, wor\u00fcber wir reden werden. Und eigentlich sollte ich gar nicht an diesem Arbeitskreis teilnehmen. Weder bin ich im dazugeh\u00f6rigen Eintrag des Terminkalenders namentlich aufgef\u00fchrt, noch wurde ich offiziell dazu eingeladen (z.B. von der Leitung IT). Aber <a href=\"https:\/\/www.willizblog.de\/?p=457\" target=\"_blank\">Murphy<\/a> ist mit Sicherheit anwesend. Es kann also lustig werden &#8230;<\/p>\n<p><img src=\"https:\/\/www.willizblog.de\/blogpicts\/bitte_nicht_stoeren.jpg\" alt=\"Arbeitskreis: Bitte nicht st\u00f6ren!\" \/><\/p>\n","protected":false},"excerpt":{"rendered":"<p>Heute geht\u2019s weiter: Wieder kommen aus allen Himmelsrichtungen Deutschlands Leute bei uns zu einer Art Arbeitkreis zusammen. Es geht um Neuprogrammierung und Umstrukturierung im Betrieb, was unter dem Euphemismus \u201eHarmonisierung\u201c geb\u00fcndelt wurde. Besonders nett daran ist, dass es so etwas wie eine Agenda, also Tagesordnung, nicht gibt. Ist ja schon hervorragend zu wissen, wor\u00fcber wir &hellip; <a href=\"https:\/\/willizblog.de\/?p=3940\" class=\"more-link\"><span class=\"screen-reader-text\">Arbeitskreistreffen<\/span> weiterlesen <span class=\"meta-nav\">&rarr;<\/span><\/a><\/p>\n","protected":false},"author":1,"featured_media":0,"comment_status":"open","ping_status":"open","sticky":false,"template":"","format":"standard","meta":[],"categories":[1],"tags":[],"_links":{"self":[{"href":"https:\/\/willizblog.de\/index.php?rest_route=\/wp\/v2\/posts\/3940"}],"collection":[{"href":"https:\/\/willizblog.de\/index.php?rest_route=\/wp\/v2\/posts"}],"about":[{"href":"https:\/\/willizblog.de\/index.php?rest_route=\/wp\/v2\/types\/post"}],"author":[{"embeddable":true,"href":"https:\/\/willizblog.de\/index.php?rest_route=\/wp\/v2\/users\/1"}],"replies":[{"embeddable":true,"href":"https:\/\/willizblog.de\/index.php?rest_route=%2Fwp%2Fv2%2Fcomments&post=3940"}],"version-history":[{"count":0,"href":"https:\/\/willizblog.de\/index.php?rest_route=\/wp\/v2\/posts\/3940\/revisions"}],"wp:attachment":[{"href":"https:\/\/willizblog.de\/index.php?rest_route=%2Fwp%2Fv2%2Fmedia&parent=3940"}],"wp:term":[{"taxonomy":"category","embeddable":true,"href":"https:\/\/willizblog.de\/index.php?rest_route=%2Fwp%2Fv2%2Fcategories&post=3940"},{"taxonomy":"post_tag","embeddable":true,"href":"https:\/\/willizblog.de\/index.php?rest_route=%2Fwp%2Fv2%2Ftags&post=3940"}],"curies":[{"name":"wp","href":"https:\/\/api.w.org\/{rel}","templated":true}]}}