{"id":3949,"date":"2011-02-11T17:58:26","date_gmt":"2011-02-11T16:58:26","guid":{"rendered":"http:\/\/www.willizblog.de\/?p=3949"},"modified":"2015-06-24T09:13:03","modified_gmt":"2015-06-24T09:13:03","slug":"an-fruherer-wirkungsstatte","status":"publish","type":"post","link":"https:\/\/willizblog.de\/?p=3949","title":{"rendered":"An fr\u00fcherer Wirkungsst\u00e4tte"},"content":{"rendered":"<p>Gestern weilte ich in Bremen und bin dabei an meiner alten Wirkungsst\u00e4tte, dem <a href=\"https:\/\/de.wikipedia.org\/wiki\/Haus_des_Reichs\" target=\"_blank\">\u201eHaus des Reichs\u201c<\/a> vorbeigekommen. Da ich noch etwas Zeit hatte, betrat ich das von 1928 bis 1931 errichtete Geb\u00e4ude.<\/p>\n<p>Anfang der 70er Jahre absolvierte ich hier eine Ausbildung beim Finanzamt Bremen-Mitte (das Amt ist u.a. f\u00fcr die K\u00f6rperschaftsteuer der Stadtgemeinde Bremen zust\u00e4ndig) in der mittleren Laufbahn (heute w\u00e4re es die Ausbildung zum Finanzwirt) und setzte ab Januar 1975 eine entsprechende Ausbildung in der gehobenen Laufbahn (heute w\u00e4re das ein Studium zum <a href=\"https:\/\/de.wikipedia.org\/wiki\/Diplom-Finanzwirt_%28FH%29\" target=\"_blank\">Diplom-Finanzwirt<\/a>) fort &#8230;<\/p>\n<p>Nun inzwischen wirke ich beruflich in Hamburg, also an ganz anderer Stelle. Es war aber schon ein merkw\u00fcrdiges Gef\u00fchl, nach so vielen Jahren dieses alte, hochherrschaftliche Gem\u00e4uer wieder einmal zu betreten, in dem auch die <a href=\"http:\/\/www.finanzen.bremen.de\/\" target=\"_blank\">Senatorin f\u00fcr Finanzen<\/a> ihre R\u00e4umlichkeiten hat und das auf eine ganz <a href=\"http:\/\/www.finanzen.bremen.de\/sixcms\/detail.php?gsid=bremen53.c.2428.de\" target=\"_blank\">ureigene Geschichte<\/a> zur\u00fcckblicken kann.<\/p>\n<table border=\"0\" cellpadding=\"4\" cellspacing=\"0\" width=\"100%\">\n<tr>\n<td width=\"210\">\n<p align=\"center\"><img loading=\"lazy\" border=\"0\" src=\"http:\/\/upload.wikimedia.org\/wikipedia\/commons\/8\/85\/Paternoster_animated.gif\" width=\"200\" height=\"550\"><\/td>\n<td width=\"330\" align=\"center\">\n<p align=\"left\"><font face=\"Lucida Grande, Lucida Sans Unicode, Verdana, sans-serif\" size=\"2\">Seit meinem ersten Betreten des Geb\u00e4udes sind nun \u00fcber 40 Jahre vergangen \u2013 und viel hat sich seitdem nicht ver\u00e4ndert. Die Post- und auch die Gesch\u00e4ftstelle des Finanzamtes Bremen-Mitte ist noch in den gleichen B\u00fcros. Und es gibt immer noch die <a href=\"https:\/\/de.wikipedia.org\/wiki\/Paternosteraufzug\" target=\"_blank\"> Paternosteraufz\u00fcge<\/a>, die technisch als Personen-Umlaufaufz\u00fcge bezeichnet werden. Eine Fahrt mit einem dieser Fahrst\u00fchle ohne T\u00fcren, die nie anhalten, hat schon etwas.<\/font><\/td>\n<\/tr>\n<tr>\n<td width=\"210\"><font face=\"Lucida Grande, Lucida Sans Unicode, Verdana, sans-serif\" size=\"2\">Quelle\/Urheber: <a href=\"http:\/\/commons.wikimedia.org\/wiki\/User:RokerHRO\" target=\"_blank\"> RokerHRO<\/a><\/font><\/td>\n<td width=\"330\"><\/td>\n<\/tr>\n<\/table>\n<p>So bin ich also durch den Irrgarten dieses Hauses gewandert. Es besteht wirklich die Gefahr, sich zu verlaufen. In dem kleinen Kiosk, der sich im \u00dcbergang zum Anbau befindet und der f\u00fcr die Bediensteten u.a. Br\u00f6tchen und kalte Getr\u00e4nke bereith\u00e4lt, musste ich auch hinein und habe eine Packung Kekse auf die Schnelle gekauft. Fr\u00fcher habe ich mir hier meine Milch gekauft (schlie\u00dflich lebt man gesund).<\/p>\n<p>Auch au\u00dferhalb des Geb\u00e4udes ist vieles noch so wie fr\u00fcher. So gibt es in der Schillerstra\u00dfe immer noch den kleinen Laden, der \u201eFinanzamt Bremen-S\u00fcd\u201c genannt wurde (denn ein solches Finanzamt gibt es in Bremen nat\u00fcrlich nicht). Und im Herdentorsteinweg, Ecke Breitenweg besteht immer noch die Kneipe \u201eKlause 38\u201c, in der nach Feierabend (besonders freitags) manches Bier die durstigen Kehlen der Beamtenanw\u00e4rter hinuntergeflossen ist.<\/p>\n","protected":false},"excerpt":{"rendered":"<p>Gestern weilte ich in Bremen und bin dabei an meiner alten Wirkungsst\u00e4tte, dem \u201eHaus des Reichs\u201c vorbeigekommen. Da ich noch etwas Zeit hatte, betrat ich das von 1928 bis 1931 errichtete Geb\u00e4ude. Anfang der 70er Jahre absolvierte ich hier eine Ausbildung beim Finanzamt Bremen-Mitte (das Amt ist u.a. f\u00fcr die K\u00f6rperschaftsteuer der Stadtgemeinde Bremen zust\u00e4ndig) &hellip; <a href=\"https:\/\/willizblog.de\/?p=3949\" class=\"more-link\"><span class=\"screen-reader-text\">An fr\u00fcherer Wirkungsst\u00e4tte<\/span> weiterlesen <span class=\"meta-nav\">&rarr;<\/span><\/a><\/p>\n","protected":false},"author":1,"featured_media":0,"comment_status":"open","ping_status":"open","sticky":false,"template":"","format":"standard","meta":[],"categories":[1],"tags":[],"_links":{"self":[{"href":"https:\/\/willizblog.de\/index.php?rest_route=\/wp\/v2\/posts\/3949"}],"collection":[{"href":"https:\/\/willizblog.de\/index.php?rest_route=\/wp\/v2\/posts"}],"about":[{"href":"https:\/\/willizblog.de\/index.php?rest_route=\/wp\/v2\/types\/post"}],"author":[{"embeddable":true,"href":"https:\/\/willizblog.de\/index.php?rest_route=\/wp\/v2\/users\/1"}],"replies":[{"embeddable":true,"href":"https:\/\/willizblog.de\/index.php?rest_route=%2Fwp%2Fv2%2Fcomments&post=3949"}],"version-history":[{"count":0,"href":"https:\/\/willizblog.de\/index.php?rest_route=\/wp\/v2\/posts\/3949\/revisions"}],"wp:attachment":[{"href":"https:\/\/willizblog.de\/index.php?rest_route=%2Fwp%2Fv2%2Fmedia&parent=3949"}],"wp:term":[{"taxonomy":"category","embeddable":true,"href":"https:\/\/willizblog.de\/index.php?rest_route=%2Fwp%2Fv2%2Fcategories&post=3949"},{"taxonomy":"post_tag","embeddable":true,"href":"https:\/\/willizblog.de\/index.php?rest_route=%2Fwp%2Fv2%2Ftags&post=3949"}],"curies":[{"name":"wp","href":"https:\/\/api.w.org\/{rel}","templated":true}]}}