{"id":3969,"date":"2011-02-16T10:42:39","date_gmt":"2011-02-16T09:42:39","guid":{"rendered":"http:\/\/www.willizblog.de\/?p=3969"},"modified":"2011-02-15T11:54:37","modified_gmt":"2011-02-15T10:54:37","slug":"bartiges","status":"publish","type":"post","link":"https:\/\/willizblog.de\/?p=3969","title":{"rendered":"B\u00e4rtiges"},"content":{"rendered":"<p>Im Internet bin ich auf ein sehr \u201eb\u00e4rtiges\u201c Blog gesto\u00dfen. Es zeigt uns viele h\u00fcbsche Bilder von prominenten und unbekannten Herren, die sich in einem gleichen: Ihre Gesichter s\u00e4umen Barthaare! Sie tragen Bart!<\/p>\n<p>Ich habe \u00fcberlegt: In meiner Verwandtschaft und in meinem Bekanntenkreis gibt es eigentlich niemanden mehr, der Bart tr\u00e4gt. Mein Bruder hatte fr\u00fcher einmal einen Vollbart, der dann aber Opfer einer \u201aVerj\u00fcngungskur\u2019 wurde. So bin ich der letzte verbliebene Barttr\u00e4ger weit und breit. Nein, falsch, der \u00e4ltere meiner S\u00f6hne hat einen schmalen, die <a href=\"https:\/\/de.wikipedia.org\/wiki\/Koteletten\" target=\"_blank\">Koteletten<\/a> verl\u00e4ngernden Kinnbart.<\/p>\n<p>Das <a href=\"https:\/\/de.wikipedia.org\/wiki\/Barthaar\" target=\"_blank\">Barthaar<\/a> ist in der Regel ab der Pubert\u00e4t des Mannes verbreitet und z\u00e4hlt somit zu den sekund\u00e4ren Geschlechtsmerkmalen. Ausgel\u00f6st wird der Bartwuchs durch das Androgen Testosteron. Das <a href=\"http:\/\/de.wiktionary.org\/wiki\/Bart\" target=\"_blank\">Wort Bart<\/a> stammt aus dem Althochdeutschen und leitet sich von germanisch *barda-, *bardaz \u201eRand, Bart\u201c, dieses von indogermanisch *b <sup>h<\/sup>ar- \u201eSpitze, Borste\u201c ab. Au\u00dferdem hat das Wort <a href=\"https:\/\/de.wikipedia.org\/wiki\/Bart\" target=\"_blank\">Bart<\/a> noch weitere Bedeutungen (z.B. Schl\u00fcsselbart) und dient auch als Vor- und Nachnamen (<a href=\"https:\/\/de.wikipedia.org\/wiki\/Bart_Simpson\" target=\"_blank\">Bart Simpson<\/a> d\u00fcrfte der Prominenteste der Namenstr\u00e4ger sein).<\/p>\n<table border=\"0\" cellpadding=\"4\" cellspacing=\"0\" width=\"100%\">\n<tr>\n<td width=\"50%\">\n<p align=\"center\"><img loading=\"lazy\" border=\"0\" src=\"https:\/\/www.willizblog.de\/blogpicts\/baertiges_willi.jpg\" alt=\"B\u00e4rtiges: Willi\" width=\"270\" height=\"300\"><\/td>\n<td width=\"50%\">\n<p align=\"center\"><img loading=\"lazy\" border=\"0\" src=\"https:\/\/www.willizblog.de\/blogpicts\/baertiges_facial_awareness.jpg\" alt=\"B\u00e4rtiges: Facial Awareness\" width=\"270\" height=\"300\"><\/td>\n<\/tr>\n<tr>\n<td width=\"100%\" colspan=\"2\">\n<p align=\"center\"><font face=\"Lucida Grande, Lucida Sans Unicode, Verdana, sans-serif\" size=\"2\">B\u00e4rtiges<\/font><\/td>\n<\/tr>\n<\/table>\n<p>Aber zur\u00fcck zu dem angesprochenen Blog: <a href=\"http:\/\/facialawareness.tumblr.com\/\" target=\"_blank\"><strong>facial awareness<\/strong><\/a>. Allen Abgebildeten gemein ist, wie gesagt, der Bart. Und so d\u00fcrfen dann Barttr\u00e4ger wie Fidel Castro, Osama bin Laden und auch Saddam Hussein (hier sogar mit Vollbart, wie er ihn bei seiner Verhaftung trug) nicht fehlen. Ein prominenter Barttr\u00e4ger fehlt \u00fcbrigens in der Bildergalerie: Der Weihnachtsmann!<\/p>\n<p>Warum Bart? Sicherlich hat ein Bart etwas Verh\u00fcllendes. So als w\u00fcnschte der Barttr\u00e4ger, etwas zu verbergen. Dann kann ein Bart durchaus auch Zierde sein, es kommt auf das Gesicht an. Bei mir, da bin ich ganz ehrlich, ist es auch die Faulheit, jeden Morgen mit Schabeeisen die Stoppeln aus dem Gesicht zu entfernen. Es reicht mir, ab und wann, den vorhandenen Bart zu stutzen.<\/p>\n","protected":false},"excerpt":{"rendered":"<p>Im Internet bin ich auf ein sehr \u201eb\u00e4rtiges\u201c Blog gesto\u00dfen. Es zeigt uns viele h\u00fcbsche Bilder von prominenten und unbekannten Herren, die sich in einem gleichen: Ihre Gesichter s\u00e4umen Barthaare! Sie tragen Bart! Ich habe \u00fcberlegt: In meiner Verwandtschaft und in meinem Bekanntenkreis gibt es eigentlich niemanden mehr, der Bart tr\u00e4gt. Mein Bruder hatte fr\u00fcher &hellip; <a href=\"https:\/\/willizblog.de\/?p=3969\" class=\"more-link\"><span class=\"screen-reader-text\">B\u00e4rtiges<\/span> weiterlesen <span class=\"meta-nav\">&rarr;<\/span><\/a><\/p>\n","protected":false},"author":1,"featured_media":0,"comment_status":"open","ping_status":"open","sticky":false,"template":"","format":"standard","meta":[],"categories":[1,8],"tags":[],"_links":{"self":[{"href":"https:\/\/willizblog.de\/index.php?rest_route=\/wp\/v2\/posts\/3969"}],"collection":[{"href":"https:\/\/willizblog.de\/index.php?rest_route=\/wp\/v2\/posts"}],"about":[{"href":"https:\/\/willizblog.de\/index.php?rest_route=\/wp\/v2\/types\/post"}],"author":[{"embeddable":true,"href":"https:\/\/willizblog.de\/index.php?rest_route=\/wp\/v2\/users\/1"}],"replies":[{"embeddable":true,"href":"https:\/\/willizblog.de\/index.php?rest_route=%2Fwp%2Fv2%2Fcomments&post=3969"}],"version-history":[{"count":0,"href":"https:\/\/willizblog.de\/index.php?rest_route=\/wp\/v2\/posts\/3969\/revisions"}],"wp:attachment":[{"href":"https:\/\/willizblog.de\/index.php?rest_route=%2Fwp%2Fv2%2Fmedia&parent=3969"}],"wp:term":[{"taxonomy":"category","embeddable":true,"href":"https:\/\/willizblog.de\/index.php?rest_route=%2Fwp%2Fv2%2Fcategories&post=3969"},{"taxonomy":"post_tag","embeddable":true,"href":"https:\/\/willizblog.de\/index.php?rest_route=%2Fwp%2Fv2%2Ftags&post=3969"}],"curies":[{"name":"wp","href":"https:\/\/api.w.org\/{rel}","templated":true}]}}