{"id":398,"date":"2006-02-26T09:35:53","date_gmt":"2006-02-26T08:35:53","guid":{"rendered":"http:\/\/www.albinz.de\/blog\/?p=398"},"modified":"2006-02-27T12:37:22","modified_gmt":"2006-02-27T11:37:22","slug":"abschied-vom-hackl-schorsch","status":"publish","type":"post","link":"https:\/\/willizblog.de\/?p=398","title":{"rendered":"Abschied vom Hackl Schorsch"},"content":{"rendered":"<p>Die Olympischen Spiele in Turin waren seine sechsten und seine letzten. Nach dreimal Gold und zweimal Silber ging er jetzt medaillenm\u00e4\u00dfig leer aus und belegte den 7. Platz. Vor sich nicht nur Armin Z\u00f6ggeler, der ihn bereits 2002 in Salt Lake City geschlagen hatte, sondern auch seine Landsleute David M\u00f6ller und Jan Eichhorn. Mindestens die bronzene Plakette h\u00e4tte man ihm gew\u00fcnscht. Aber es sollte nicht sein. Auch nicht schlimm.<\/p>\n<p>Mit Georg Hackl, dem Hackl Schorsch, verl\u00e4sst bayerisches Urgestein die wintersportliche Bildfl\u00e4che. Irgendwie ein Kauz, der frei und locker von der Seele sprach, dem ein Weizenbier mehr Lohn war als aller Glitzerkram.<\/p>\n<ul><img src=\"https:\/\/www.willizblog.de\/albpics\/hackl_schorsch.jpg\" alt=\"Der Hackl Schorsch\" \/><\/ul>\n<p>Schorsch, mach es gut. Irgendwie werde ich dich vermissen.<\/p>\n<p><object ID=\"video1\" CLASSID=\"clsid:CFCDAA03-8BE4-11CF-B84B-0020AFBBCCFA\" HEIGHT=\"240\" WIDTH=\"320\"><param name=\"_ExtentX\" value=\"8467\"><param name=\"_ExtentY\" value=\"6350\"><param name=\"AUTOSTART\" value=\"0\"><param name=\"SHUFFLE\" value=\"0\"><param name=\"PREFETCH\" value=\"0\"><param name=\"NOLABELS\" value=\"0\"><param name=\"SRC\" value=\"https:\/\/www.willizblog.de\/albpics\/hackl_schorsch.ram\"><param name=\"CONTROLS\" value=\"ImageWindow\"><param name=\"CONSOLE\" value=\"Clip20\"><param name=\"LOOP\" value=\"0\"><param name=\"NUMLOOP\" value=\"0\"><param name=\"CENTER\" value=\"0\"><param name=\"MAINTAINASPECT\" value=\"0\"><param name=\"BACKGROUNDCOLOR\" value=\"#000000\"><embed SRC=\"https:\/\/www.willizblog.de\/albpics\/hackl_schorsch.rm\" type=\"audio\/x-pn-realaudio-plugin\" CONSOLE=\"Clip20\" CONTROLS=\"ImageWindow\" HEIGHT=\"240\" WIDTH=\"320\" AUTOSTART=\"false\"><\/embed><\/param><\/param><\/param><\/param><\/param><\/param><\/param><\/param><\/param><\/param><\/param><\/param><\/param><\/param><\/object><\/p>\n<p>Video: Abschied vom Hackl Schorsch &#8211; Olympia Turin 2006<\/p>\n<p><object ID=\"video2\" CLASSID=\"clsid:CFCDAA03-8BE4-11cf-B84B-0020AFBBCCFA\" HEIGHT=\"25\" WIDTH=\"220\"><param name=\"_ExtentX\" value=\"5821\"><param name=\"_ExtentY\" value=\"661\"><param name=\"AUTOSTART\" value=\"0\"><param name=\"SHUFFLE\" value=\"0\"><param name=\"PREFETCH\" value=\"0\"><param name=\"NOLABELS\" value=\"0\"><param name=\"CONTROLS\" value=\"ControlPanel\"><param name=\"CONSOLE\" value=\"Clip20\"><param name=\"LOOP\" value=\"0\"><param name=\"NUMLOOP\" value=\"0\"><param name=\"CENTER\" value=\"0\"><param name=\"MAINTAINASPECT\" value=\"0\"><param name=\"BACKGROUNDCOLOR\" value=\"#000000\"><embed type=\"audio\/x-pn-realaudio-plugin\" CONSOLE=\"Clip20\" CONTROLS=\"ControlPanel\" HEIGHT=\"40\" WIDTH=\"275\" AUTOSTART=\"true\"><\/embed><\/param><\/param><\/param><\/param><\/param><\/param><\/param><\/param><\/param><\/param><\/param><\/param><\/param><\/object><\/p>\n<p>Zu Schluss noch ein Schenkelklopfer: Sportler, die nicht ganz das Ziel gefunden haben (und ein Spezialist, der irgendwie den Start &#8218;verpasste&#8216;); viel Spa\u00df!<\/p>\n<ul><img src=\"https:\/\/www.willizblog.de\/albpics\/olympischer_graus.jpg\" alt=\"Da legst di nieder!\" \/><\/ul>\n<p><object ID=\"video1\" CLASSID=\"clsid:CFCDAA03-8BE4-11CF-B84B-0020AFBBCCFA\" HEIGHT=\"240\" WIDTH=\"320\"><param name=\"_ExtentX\" value=\"8467\"><param name=\"_ExtentY\" value=\"6350\"><param name=\"AUTOSTART\" value=\"0\"><param name=\"SHUFFLE\" value=\"0\"><param name=\"PREFETCH\" value=\"0\"><param name=\"NOLABELS\" value=\"0\"><param name=\"SRC\" value=\"https:\/\/www.willizblog.de\/albpics\/olypmischer_graus.ram\"><param name=\"CONTROLS\" value=\"ImageWindow\"><param name=\"CONSOLE\" value=\"Clip21\"><param name=\"LOOP\" value=\"0\"><param name=\"NUMLOOP\" value=\"0\"><param name=\"CENTER\" value=\"0\"><param name=\"MAINTAINASPECT\" value=\"0\"><param name=\"BACKGROUNDCOLOR\" value=\"#000000\"><embed SRC=\"https:\/\/www.willizblog.de\/albpics\/olypmischer_graus.rm\" type=\"audio\/x-pn-realaudio-plugin\" CONSOLE=\"Clip21\" CONTROLS=\"ImageWindow\" HEIGHT=\"240\" WIDTH=\"320\" AUTOSTART=\"false\"><\/embed><\/param><\/param><\/param><\/param><\/param><\/param><\/param><\/param><\/param><\/param><\/param><\/param><\/param><\/param><\/object><\/p>\n<p>Video: Olympia Turin 2006 &#8211; Da legst di nieder &#8230;<\/p>\n<p><object ID=\"video2\" CLASSID=\"clsid:CFCDAA03-8BE4-11cf-B84B-0020AFBBCCFA\" HEIGHT=\"25\" WIDTH=\"220\"><param name=\"_ExtentX\" value=\"5821\"><param name=\"_ExtentY\" value=\"661\"><param name=\"AUTOSTART\" value=\"0\"><param name=\"SHUFFLE\" value=\"0\"><param name=\"PREFETCH\" value=\"0\"><param name=\"NOLABELS\" value=\"0\"><param name=\"CONTROLS\" value=\"ControlPanel\"><param name=\"CONSOLE\" value=\"Clip21\"><param name=\"LOOP\" value=\"0\"><param name=\"NUMLOOP\" value=\"0\"><param name=\"CENTER\" value=\"0\"><param name=\"MAINTAINASPECT\" value=\"0\"><param name=\"BACKGROUNDCOLOR\" value=\"#000000\"><embed type=\"audio\/x-pn-realaudio-plugin\" CONSOLE=\"Clip21\" CONTROLS=\"ControlPanel\" HEIGHT=\"40\" WIDTH=\"275\" AUTOSTART=\"true\"><\/embed><\/param><\/param><\/param><\/param><\/param><\/param><\/param><\/param><\/param><\/param><\/param><\/param><\/param><\/object><\/p>\n","protected":false},"excerpt":{"rendered":"<p>Die Olympischen Spiele in Turin waren seine sechsten und seine letzten. Nach dreimal Gold und zweimal Silber ging er jetzt medaillenm\u00e4\u00dfig leer aus und belegte den 7. Platz. Vor sich nicht nur Armin Z\u00f6ggeler, der ihn bereits 2002 in Salt Lake City geschlagen hatte, sondern auch seine Landsleute David M\u00f6ller und Jan Eichhorn. Mindestens die &hellip; <a href=\"https:\/\/willizblog.de\/?p=398\" class=\"more-link\"><span class=\"screen-reader-text\">Abschied vom Hackl Schorsch<\/span> weiterlesen <span class=\"meta-nav\">&rarr;<\/span><\/a><\/p>\n","protected":false},"author":1,"featured_media":0,"comment_status":"closed","ping_status":"closed","sticky":false,"template":"","format":"standard","meta":[],"categories":[38],"tags":[],"_links":{"self":[{"href":"https:\/\/willizblog.de\/index.php?rest_route=\/wp\/v2\/posts\/398"}],"collection":[{"href":"https:\/\/willizblog.de\/index.php?rest_route=\/wp\/v2\/posts"}],"about":[{"href":"https:\/\/willizblog.de\/index.php?rest_route=\/wp\/v2\/types\/post"}],"author":[{"embeddable":true,"href":"https:\/\/willizblog.de\/index.php?rest_route=\/wp\/v2\/users\/1"}],"replies":[{"embeddable":true,"href":"https:\/\/willizblog.de\/index.php?rest_route=%2Fwp%2Fv2%2Fcomments&post=398"}],"version-history":[{"count":0,"href":"https:\/\/willizblog.de\/index.php?rest_route=\/wp\/v2\/posts\/398\/revisions"}],"wp:attachment":[{"href":"https:\/\/willizblog.de\/index.php?rest_route=%2Fwp%2Fv2%2Fmedia&parent=398"}],"wp:term":[{"taxonomy":"category","embeddable":true,"href":"https:\/\/willizblog.de\/index.php?rest_route=%2Fwp%2Fv2%2Fcategories&post=398"},{"taxonomy":"post_tag","embeddable":true,"href":"https:\/\/willizblog.de\/index.php?rest_route=%2Fwp%2Fv2%2Ftags&post=398"}],"curies":[{"name":"wp","href":"https:\/\/api.w.org\/{rel}","templated":true}]}}