{"id":3996,"date":"2011-02-21T10:40:19","date_gmt":"2011-02-21T09:40:19","guid":{"rendered":"http:\/\/www.willizblog.de\/?p=3996"},"modified":"2011-02-21T09:00:33","modified_gmt":"2011-02-21T08:00:33","slug":"fast-unterschlagene-beitrage-%e2%80%93-teil-30","status":"publish","type":"post","link":"https:\/\/willizblog.de\/?p=3996","title":{"rendered":"(Fast) unterschlagene Beitr\u00e4ge \u2013 Teil 30"},"content":{"rendered":"<p><a href=\"http:\/\/sport.zdf.de\/ZDFsport\/inhalt\/6\/0,5676,8191366,00.html\" target=\"_blank\"><strong>Verpasster Heimvorteil<\/strong><\/a><\/p>\n<p>Ein Fest war es trotzdem \u2026 Gestern endete die <a href=\"https:\/\/de.wikipedia.org\/wiki\/Alpine_Skiweltmeisterschaft_2011\" target=\"_blank\">41. Alpine Skiweltmeisterschaft<\/a> in <a href=\"http:\/\/www.gap2011.com\/\" target=\"_blank\">Garmisch-Partenkirchen<\/a>. Der Heimvorteil f\u00fcr die deutschen Sportler konnte aber nicht genutzt werden. Er reichte gerade zu zwei Bronze-Medaillen f\u00fcr Maria Riesch in Abfahrt und Super-G. Vor zwei Jahren in <a href=\"https:\/\/de.wikipedia.org\/wiki\/Alpine_Skiweltmeisterschaft_2009\" target=\"_blank\">Val-d\u2019Is\u00e8re<\/a> waren es immerhin noch zwei Titelgewinne.<\/p>\n<table border=\"0\" cellpadding=\"4\" cellspacing=\"0\" width=\"100%\">\n<tr>\n<td width=\"50%\">\n<p align=\"center\"><img loading=\"lazy\" border=\"0\" src=\"https:\/\/www.willizblog.de\/blogpicts\/gap2011_01.jpg\" alt=\"Alpspitzbahn\" width=\"270\" height=\"200\"><\/td>\n<td width=\"50%\">\n<p align=\"center\"><img loading=\"lazy\" border=\"0\" src=\"https:\/\/www.willizblog.de\/blogpicts\/gap2011_02.jpg\" alt=\"Zugspitzbahn\" width=\"270\" height=\"200\"><\/td>\n<\/tr>\n<tr>\n<td width=\"50%\">\n<p align=\"center\"><font face=\"Lucida Grande, Lucida Sans Unicode, Verdana, sans-serif\" size=\"2\">Alpspitzbahn<\/font><\/td>\n<td width=\"50%\">\n<p align=\"center\"><font face=\"Lucida Grande, Lucida Sans Unicode, Verdana, sans-serif\" size=\"2\">Zugspitzbahn<\/font><\/td>\n<\/tr>\n<\/table>\n<p><a href=\"http:\/\/wahl.zdf.de\/ZDFheute\/inhalt\/11\/0,3672,8159723,00.html\" target=\"_blank\"><strong>Schlag ins Kontor<\/strong><\/a><\/p>\n<p>Die Wahlen in Hamburg waren f\u00fcr die CDU <a href=\"http:\/\/www.redensarten-index.de\/suche.php?suchbegriff=~~ein%20Schlag%20ins%20Kontor&#038;bool=relevanz&#038;suchspalte[]=rart_ou\" target=\"_blank\">\u201aein Schlag ins Kontor\u2019<\/a>. \u201eNach zehn Jahren hat die SPD laut vorl\u00e4ufigem amtlichen Teilergebnis eine absolute Mehrheit errungen. Die CDU erleidet das schlimmste Debakel ihrer Geschichte.\u201c Ihr Ergebnis hat sich gegen\u00fcber der Wahl von 2008 fast halbiert. \u201eGAL, Linke, FDP sind wieder in der B\u00fcrgerschaft vertreten.\u201c<\/p>\n<p><a href=\"http:\/\/www.daserste.de\/programm\/tvtipp.asp?datum=21.02.2011\" target=\"_blank\"><strong>Abstrus &#8211; Wider den tierischen Ernst<\/strong><\/a><\/p>\n<p>Da hat der Aachener Karnevalsverein ja den Richtigen ausgew\u00e4hlt. Und heute wird er mit dem Orden \u201eWider den tierischen Ernst\u201c geehrt: Karl-Theodor zu Guttenberg (ohne Dr.). Bei Bekanntwerden nannte er die Plagiatsvorw\u00fcrfe noch \u201aabstrus\u2019. Inzwischen \u00e4u\u00dfert es sich eher kleinlaut.<\/p>\n<p>\u201eDem Minister wird zur Last gelegt, zahlreiche Passagen seiner Doktorarbeit aus Werken anderer Autoren kopiert zu haben. Im Internet werden inzwischen <a href=\"http:\/\/labs.vis4.net\/guttenplag\/\" target=\"_blank\">mehr als 120 Stellen<\/a> aufgelistet. Beim Wissenschaftlichen Dienst des Bundestages soll er eine Studie zum Gottesbezug in der US-Verfassung in Auftrag gegeben und das Papier fast vollst\u00e4ndig in seine Dissertation eingef\u00fcgt haben.\u201c (Quelle: <a href=\"http:\/\/www.heute.de\/ZDFheute\/inhalt\/1\/0,3672,8214305,00.htm\" target=\"_blank\">zdf.de<\/a>) Abgeordnete d\u00fcrfen den Wissenschaftlichen Dienst nur f\u00fcr mandatsbezogene Arbeit nutzen.<\/p>\n<p><a href=\"http:\/\/www.heute.de\/ZDFheute\/inhalt\/29\/0,3672,8214365,00.html\" target=\"_blank\"><strong>Bisher kein Lokf\u00fchrer-Warnstreik<\/strong><\/a><\/p>\n<p>Das ist genau das, was mir jetzt noch fehlt: Ein Lokf\u00fchrer-Streik im Nahverkehr. Heute Morgen bei Frost um die \u2013 8 \u00b0C kam ich noch p\u00fcnktlich zur Arbeit. Aber das soll sich bald \u00e4ndern:<\/p>\n<p>\u201eDer Lokf\u00fchrer-Warnstreik blieb vorerst aus: F\u00fcr Bahnpendler ist der Montagmorgen zun\u00e4chst wie gewohnt verlaufen. Wann es jetzt losgeht, ist offen &#8211; Gewerkschafter reden vom Dienstag.\u201c<\/p>\n<p><a href=\"http:\/\/www.heute.de\/ZDFheute\/inhalt\/18\/0,3672,8214354,00.html\" target=\"_blank\"><strong>Gaddafi-Sohn: Kampf bis zum Ende<\/strong><\/a><\/p>\n<p>Nachdem die Tunesier Ben Ali und die \u00c4gypter Mubarek <a href=\"http:\/\/www.redensarten-index.de\/suche.php?suchbegriff=~~jemanden%20in%20die%20Wueste%20schicken&#038;suchspalte[]=rart_ou\" target=\"_blank\">\u201ain die W\u00fcste geschickt\u2019<\/a> haben, droht nun auch Muammar al Gaddafi mit seinem Clan das gleiche Schicksal. Aber sein Sohn Saif al Islam al Gaddafi versucht, den Menschen Angst einzufl\u00f6\u00dfen. \u201eDie Armee stehe hinter seinem Vater, der sich weiterhin in Libyen aufhalte, warnte Gaddafis Sohn.\u201c<\/p>\n","protected":false},"excerpt":{"rendered":"<p>Verpasster Heimvorteil Ein Fest war es trotzdem \u2026 Gestern endete die 41. Alpine Skiweltmeisterschaft in Garmisch-Partenkirchen. Der Heimvorteil f\u00fcr die deutschen Sportler konnte aber nicht genutzt werden. Er reichte gerade zu zwei Bronze-Medaillen f\u00fcr Maria Riesch in Abfahrt und Super-G. Vor zwei Jahren in Val-d\u2019Is\u00e8re waren es immerhin noch zwei Titelgewinne. Alpspitzbahn Zugspitzbahn Schlag ins &hellip; <a href=\"https:\/\/willizblog.de\/?p=3996\" class=\"more-link\"><span class=\"screen-reader-text\">(Fast) unterschlagene Beitr\u00e4ge \u2013 Teil 30<\/span> weiterlesen <span class=\"meta-nav\">&rarr;<\/span><\/a><\/p>\n","protected":false},"author":1,"featured_media":0,"comment_status":"open","ping_status":"open","sticky":false,"template":"","format":"standard","meta":[],"categories":[22,12,4],"tags":[],"_links":{"self":[{"href":"https:\/\/willizblog.de\/index.php?rest_route=\/wp\/v2\/posts\/3996"}],"collection":[{"href":"https:\/\/willizblog.de\/index.php?rest_route=\/wp\/v2\/posts"}],"about":[{"href":"https:\/\/willizblog.de\/index.php?rest_route=\/wp\/v2\/types\/post"}],"author":[{"embeddable":true,"href":"https:\/\/willizblog.de\/index.php?rest_route=\/wp\/v2\/users\/1"}],"replies":[{"embeddable":true,"href":"https:\/\/willizblog.de\/index.php?rest_route=%2Fwp%2Fv2%2Fcomments&post=3996"}],"version-history":[{"count":0,"href":"https:\/\/willizblog.de\/index.php?rest_route=\/wp\/v2\/posts\/3996\/revisions"}],"wp:attachment":[{"href":"https:\/\/willizblog.de\/index.php?rest_route=%2Fwp%2Fv2%2Fmedia&parent=3996"}],"wp:term":[{"taxonomy":"category","embeddable":true,"href":"https:\/\/willizblog.de\/index.php?rest_route=%2Fwp%2Fv2%2Fcategories&post=3996"},{"taxonomy":"post_tag","embeddable":true,"href":"https:\/\/willizblog.de\/index.php?rest_route=%2Fwp%2Fv2%2Ftags&post=3996"}],"curies":[{"name":"wp","href":"https:\/\/api.w.org\/{rel}","templated":true}]}}