{"id":400,"date":"2006-03-01T00:01:27","date_gmt":"2006-02-28T23:01:27","guid":{"rendered":"http:\/\/www.albinz.de\/blog\/?p=400"},"modified":"2006-03-01T00:01:27","modified_gmt":"2006-02-28T23:01:27","slug":"jans-kalenderblatt-marz-2006","status":"publish","type":"post","link":"https:\/\/willizblog.de\/?p=400","title":{"rendered":"Jans Kalenderblatt: M\u00e4rz 2006"},"content":{"rendered":"<p>So langsam naht der Fr\u00fchling, wenn es in dieser Woche auch noch kr\u00e4ftig schneit. Mit dem Fr\u00fchling werden die Tage wieder lang &#8211; und die ersten Bl\u00fcmlein sprie\u00dfen. Auf seinem Kalenderblatt f\u00fcr den Monat M\u00e4rz sind &#8217;s dann auch Blumen, die uns (meiner Frau und mir) unser Sohn Jan gemalt hat:<\/p>\n<ul><img src=\"https:\/\/www.willizblog.de\/albpics\/jans_kalender_2006_03.jpg\" alt=\"Im M\u00e4rzen der Bauer ...\" \/><\/ul>\n","protected":false},"excerpt":{"rendered":"<p>So langsam naht der Fr\u00fchling, wenn es in dieser Woche auch noch kr\u00e4ftig schneit. Mit dem Fr\u00fchling werden die Tage wieder lang &#8211; und die ersten Bl\u00fcmlein sprie\u00dfen. Auf seinem Kalenderblatt f\u00fcr den Monat M\u00e4rz sind &#8217;s dann auch Blumen, die uns (meiner Frau und mir) unser Sohn Jan gemalt hat:<\/p>\n","protected":false},"author":1,"featured_media":0,"comment_status":"closed","ping_status":"closed","sticky":false,"template":"","format":"standard","meta":[],"categories":[37],"tags":[],"_links":{"self":[{"href":"https:\/\/willizblog.de\/index.php?rest_route=\/wp\/v2\/posts\/400"}],"collection":[{"href":"https:\/\/willizblog.de\/index.php?rest_route=\/wp\/v2\/posts"}],"about":[{"href":"https:\/\/willizblog.de\/index.php?rest_route=\/wp\/v2\/types\/post"}],"author":[{"embeddable":true,"href":"https:\/\/willizblog.de\/index.php?rest_route=\/wp\/v2\/users\/1"}],"replies":[{"embeddable":true,"href":"https:\/\/willizblog.de\/index.php?rest_route=%2Fwp%2Fv2%2Fcomments&post=400"}],"version-history":[{"count":0,"href":"https:\/\/willizblog.de\/index.php?rest_route=\/wp\/v2\/posts\/400\/revisions"}],"wp:attachment":[{"href":"https:\/\/willizblog.de\/index.php?rest_route=%2Fwp%2Fv2%2Fmedia&parent=400"}],"wp:term":[{"taxonomy":"category","embeddable":true,"href":"https:\/\/willizblog.de\/index.php?rest_route=%2Fwp%2Fv2%2Fcategories&post=400"},{"taxonomy":"post_tag","embeddable":true,"href":"https:\/\/willizblog.de\/index.php?rest_route=%2Fwp%2Fv2%2Ftags&post=400"}],"curies":[{"name":"wp","href":"https:\/\/api.w.org\/{rel}","templated":true}]}}