{"id":406,"date":"2006-03-07T16:09:49","date_gmt":"2006-03-07T15:09:49","guid":{"rendered":"http:\/\/www.albinz.de\/blog\/?p=406"},"modified":"2006-03-07T14:10:30","modified_gmt":"2006-03-07T13:10:30","slug":"analphabeten","status":"publish","type":"post","link":"https:\/\/willizblog.de\/?p=406","title":{"rendered":"Analphabeten"},"content":{"rendered":"<p><em>Der klassische Analphabet:<\/em> Er kann weder lesen noch schreiben, also mu\u00df er erz\u00e4hlen. Das Erz\u00e4hlen aber ist der Anfang der Literatur. <em>Der moderne Analphabet:<\/em> Er kann lesen und schreiben, aber erz\u00e4hlen kann er nicht mehr, er ist zum kopflosen Konsumenten geworden. <\/p>\n<p>[aus: <a href=\"http:\/\/www.zeit.de\/\" target=\"_blank\">&#8222;Die Zeit&#8220;<\/a>, ca. Ende November 1985]<\/p>\n","protected":false},"excerpt":{"rendered":"<p>Der klassische Analphabet: Er kann weder lesen noch schreiben, also mu\u00df er erz\u00e4hlen. Das Erz\u00e4hlen aber ist der Anfang der Literatur. Der moderne Analphabet: Er kann lesen und schreiben, aber erz\u00e4hlen kann er nicht mehr, er ist zum kopflosen Konsumenten geworden. [aus: &#8222;Die Zeit&#8220;, ca. Ende November 1985]<\/p>\n","protected":false},"author":1,"featured_media":0,"comment_status":"closed","ping_status":"closed","sticky":false,"template":"","format":"standard","meta":[],"categories":[3],"tags":[],"_links":{"self":[{"href":"https:\/\/willizblog.de\/index.php?rest_route=\/wp\/v2\/posts\/406"}],"collection":[{"href":"https:\/\/willizblog.de\/index.php?rest_route=\/wp\/v2\/posts"}],"about":[{"href":"https:\/\/willizblog.de\/index.php?rest_route=\/wp\/v2\/types\/post"}],"author":[{"embeddable":true,"href":"https:\/\/willizblog.de\/index.php?rest_route=\/wp\/v2\/users\/1"}],"replies":[{"embeddable":true,"href":"https:\/\/willizblog.de\/index.php?rest_route=%2Fwp%2Fv2%2Fcomments&post=406"}],"version-history":[{"count":0,"href":"https:\/\/willizblog.de\/index.php?rest_route=\/wp\/v2\/posts\/406\/revisions"}],"wp:attachment":[{"href":"https:\/\/willizblog.de\/index.php?rest_route=%2Fwp%2Fv2%2Fmedia&parent=406"}],"wp:term":[{"taxonomy":"category","embeddable":true,"href":"https:\/\/willizblog.de\/index.php?rest_route=%2Fwp%2Fv2%2Fcategories&post=406"},{"taxonomy":"post_tag","embeddable":true,"href":"https:\/\/willizblog.de\/index.php?rest_route=%2Fwp%2Fv2%2Ftags&post=406"}],"curies":[{"name":"wp","href":"https:\/\/api.w.org\/{rel}","templated":true}]}}