{"id":407,"date":"2006-03-08T23:09:32","date_gmt":"2006-03-08T22:09:32","guid":{"rendered":"http:\/\/www.albinz.de\/blog\/?p=407"},"modified":"2006-03-09T08:31:22","modified_gmt":"2006-03-09T07:31:22","slug":"am-ende-der-fahnenstange","status":"publish","type":"post","link":"https:\/\/willizblog.de\/?p=407","title":{"rendered":"Am Ende der Fahnenstange"},"content":{"rendered":"<p>Wie gut, dass der Sender <a href=\"http:\/\/www.kacke.de\/\" target=\"_blank\">SAT1<\/a> heute das Bayern-Spiel und nicht gestern das Spiel von Werder Bremen gegen Juventus Turin \u00fcbertragen hat. Da gab es wenigstens etwas zu lachen (1:4-Niederlage beim AC Mailand). W\u00e4re ja auch zu spannend gewesen und es h\u00e4tte mich unn\u00f6tig aufgeregt: Die dumme Niederlage mit dem 2:1 der Italiener in der vorvorletzten Spielminute &#8211; durch den kapitalen Fehler des Tim Wiese im Tor der Werderaner. Damit ist die Saison f\u00fcr Werder gelaufen. Nach dem Aus im DFB-Pokal mit der nicht sehr r\u00fchmlichen Leistung beim FC St. Pauli auf dem Stoppelfeld kam jetzt trotz des 3:2-Hinspielsieges und einer 1:0-F\u00fchrung in Turin auch das Ende der Ambitionen in der Champions League.<\/p>\n<ul><img src=\"https:\/\/www.willizblog.de\/albpics\/werder0506_claf2.jpg\" alt=\"Tim Wiese, der Ungl\u00fccksrabe\" \/><\/ul>\n<p>Und statt um die Meisterschaft zu k\u00e4mpfen geht es jetzt auch nur noch um die &#8217;norddeutsche&#8216; Meisterschaft gegen den HSV. Denn leider schafft es Werder nicht, die Schw\u00e4chen der Bayern auszunutzen. Zwar kr\u00e4nkeln die M\u00fcnchener &#8211; aber durch eigene unn\u00f6tige Punktverluste versauen sich die Bremer selbst jede weitere Chance auf den Titel, leider!<\/p>\n","protected":false},"excerpt":{"rendered":"<p>Wie gut, dass der Sender SAT1 heute das Bayern-Spiel und nicht gestern das Spiel von Werder Bremen gegen Juventus Turin \u00fcbertragen hat. Da gab es wenigstens etwas zu lachen (1:4-Niederlage beim AC Mailand). W\u00e4re ja auch zu spannend gewesen und es h\u00e4tte mich unn\u00f6tig aufgeregt: Die dumme Niederlage mit dem 2:1 der Italiener in der &hellip; <a href=\"https:\/\/willizblog.de\/?p=407\" class=\"more-link\"><span class=\"screen-reader-text\">Am Ende der Fahnenstange<\/span> weiterlesen <span class=\"meta-nav\">&rarr;<\/span><\/a><\/p>\n","protected":false},"author":1,"featured_media":0,"comment_status":"closed","ping_status":"closed","sticky":false,"template":"","format":"standard","meta":[],"categories":[27],"tags":[],"_links":{"self":[{"href":"https:\/\/willizblog.de\/index.php?rest_route=\/wp\/v2\/posts\/407"}],"collection":[{"href":"https:\/\/willizblog.de\/index.php?rest_route=\/wp\/v2\/posts"}],"about":[{"href":"https:\/\/willizblog.de\/index.php?rest_route=\/wp\/v2\/types\/post"}],"author":[{"embeddable":true,"href":"https:\/\/willizblog.de\/index.php?rest_route=\/wp\/v2\/users\/1"}],"replies":[{"embeddable":true,"href":"https:\/\/willizblog.de\/index.php?rest_route=%2Fwp%2Fv2%2Fcomments&post=407"}],"version-history":[{"count":0,"href":"https:\/\/willizblog.de\/index.php?rest_route=\/wp\/v2\/posts\/407\/revisions"}],"wp:attachment":[{"href":"https:\/\/willizblog.de\/index.php?rest_route=%2Fwp%2Fv2%2Fmedia&parent=407"}],"wp:term":[{"taxonomy":"category","embeddable":true,"href":"https:\/\/willizblog.de\/index.php?rest_route=%2Fwp%2Fv2%2Fcategories&post=407"},{"taxonomy":"post_tag","embeddable":true,"href":"https:\/\/willizblog.de\/index.php?rest_route=%2Fwp%2Fv2%2Ftags&post=407"}],"curies":[{"name":"wp","href":"https:\/\/api.w.org\/{rel}","templated":true}]}}