{"id":4072,"date":"2011-02-26T17:30:24","date_gmt":"2011-02-26T16:30:24","guid":{"rendered":"http:\/\/www.willizblog.de\/?p=4072"},"modified":"2011-02-26T17:31:33","modified_gmt":"2011-02-26T16:31:33","slug":"%e2%80%9abild%e2%80%99-dir-einen-minister","status":"publish","type":"post","link":"https:\/\/willizblog.de\/?p=4072","title":{"rendered":"\u201aBild\u2019 dir einen Minister"},"content":{"rendered":"<p>Wissenschaftler, allen voran die <a href=\"http:\/\/www.heute.de\/ZDFheute\/inhalt\/11\/0,3672,8215787,00.html\" target=\"_blank\">Juristen, attackieren<\/a> jetzt den guten Freiherrn zu Guttenberg. Der habe &#8222;planm\u00e4\u00dfig und systematisch&#8220; wissenschaftliche Quellen zum Plagiat zusammengetragen und behaupte nicht zu wissen, was er tue. Wenn er sein Vergehen nicht bewusst begangen hat, wie er behauptet, was war es dann: Schlampigkeit? Ich f\u00fcrchte fast, dass der Herr zu Guttenberg tats\u00e4chlich \u201anicht bewusst\u2019 plagiiert oder das aus dem Bewusstsein \u201averdr\u00e4ngt\u2019 hat. Das deutet dann daraufhin, dass Deutschland einen Psychopathen aus Verteidigungsminister hat.<\/p>\n<p><img src=\"https:\/\/www.willizblog.de\/blogpicts\/guttenberg_bild.jpg\" alt=\"'Bild' dir - einen Minister\" \/><br \/>\nQuelle: dapd<\/p>\n<p>Erstaunlich ist nat\u00fcrlich, dass eine anscheinend gro\u00dfe Mehrheit der Deutschen daf\u00fcr ist, dass zu Guttenberg in seinem Amt bleibt. Die Unterst\u00fctzungskampagne der Bild-Zeitung tr\u00e4gt wohl auch hier ihre faulen Fr\u00fcchte. Apropos Bild-Zeitung:<\/p>\n<p>Da gibt es bereits l\u00e4ngere Zeit eine Kampagne der BILD-Zeitung, in der hochkar\u00e4tige Prominente ihre offene, ehrliche und ungesch\u00f6nte Meinung zur BILD mitzuteilen d\u00fcrfen. So durfte sich z.B. auch der Schauspieler <a href=\"https:\/\/de.wikipedia.org\/wiki\/Armin_Rohde\" target=\"_blank\">Armin Rohde<\/a> \u201akritisch\u2019 in zwei knappen S\u00e4tzen \u00e4u\u00dfern. Bisher hatte ich Herrn Rohde f\u00fcr einen guten, da auch nachdenklichen K\u00fcnstler gehalten. Aber Rohde und BILD \u2013 das passt f\u00fcr mich eigentlich nicht zusammen (aber mancher Promi wei\u00df manchmal nicht, was er tut &#8230;).<\/p>\n<p>Jetzt wollte man wohl auch die Pop-Rock-Gruppe <a href=\"http:\/\/www.wirsindhelden.de\/\" target=\"_blank\">\u201eWir sind Helden\u201c<\/a> in diese BILD-Kampagne einbinden. Judith Holofernes, die S\u00e4ngerin bekannte da nur: <a href=\"http:\/\/www.heute.de\/ZDFheute\/inhalt\/24\/0,3672,8215416,00.html\" target=\"_blank\">Ich glaub, es hackt!<\/a> &#8211; und <a href=\"http:\/\/www.bildblog.de\/28264\/wir-sind-helden-wollen-nicht-fuer-bild-werben\/\" target=\"_blank\">ver\u00f6ffentlichte den Schriftverkehr<\/a> mit der Werbeagentur, die mit dieser Kampagne beauftragt ist, im Internet.<\/p>\n<p>Zuletzt schrieb Judith Holofernes in ihrer Antwort auf die Anfrage:<\/p>\n<p><em>Die Bildzeitung ist ein gef\u00e4hrliches politisches Instrument \u2013 nicht nur ein stark vergr\u00f6\u00dferndes Fernrohr in den Abgrund, sondern ein b\u00f6sartiges Wesen, das Deutschland nicht beschreibt, sondern macht. Mit einer Agenda.<\/em><\/p>\n<p><em>In der Gefahr, dass ich mich wiederhole: ich glaub es hackt.<\/em><\/p>\n<p><em>Mit h\u00f6flichen Gr\u00fc\u00dfen,<br \/>\nJudith Holofernes<\/em><\/p>\n<p>Ja, da gebe ich der jungen S\u00e4ngerin gern Recht. Wir sehr BILD Deutschland macht, erkennen wir an der Person zu Guttenberg. Bezeichnend ist daher, dass aus einer bestimmten Ecke Judith Holofernes und ihrer Band geradezu unterstellt wird, die Ver\u00f6ffentlichung des Schriftwechsels im Internet lediglich als Popularit\u00e4tsschub betrieben zu haben. Das sind wohl auch die Leute, die \u201aabstruse L\u00fcgenbarone\u2019 unterst\u00fctzen, oder?!<\/p>\n","protected":false},"excerpt":{"rendered":"<p>Wissenschaftler, allen voran die Juristen, attackieren jetzt den guten Freiherrn zu Guttenberg. Der habe &#8222;planm\u00e4\u00dfig und systematisch&#8220; wissenschaftliche Quellen zum Plagiat zusammengetragen und behaupte nicht zu wissen, was er tue. Wenn er sein Vergehen nicht bewusst begangen hat, wie er behauptet, was war es dann: Schlampigkeit? Ich f\u00fcrchte fast, dass der Herr zu Guttenberg tats\u00e4chlich &hellip; <a href=\"https:\/\/willizblog.de\/?p=4072\" class=\"more-link\"><span class=\"screen-reader-text\">\u201aBild\u2019 dir einen Minister<\/span> weiterlesen <span class=\"meta-nav\">&rarr;<\/span><\/a><\/p>\n","protected":false},"author":1,"featured_media":0,"comment_status":"open","ping_status":"open","sticky":false,"template":"","format":"standard","meta":[],"categories":[12],"tags":[233,232,235,236,234,231,237],"_links":{"self":[{"href":"https:\/\/willizblog.de\/index.php?rest_route=\/wp\/v2\/posts\/4072"}],"collection":[{"href":"https:\/\/willizblog.de\/index.php?rest_route=\/wp\/v2\/posts"}],"about":[{"href":"https:\/\/willizblog.de\/index.php?rest_route=\/wp\/v2\/types\/post"}],"author":[{"embeddable":true,"href":"https:\/\/willizblog.de\/index.php?rest_route=\/wp\/v2\/users\/1"}],"replies":[{"embeddable":true,"href":"https:\/\/willizblog.de\/index.php?rest_route=%2Fwp%2Fv2%2Fcomments&post=4072"}],"version-history":[{"count":0,"href":"https:\/\/willizblog.de\/index.php?rest_route=\/wp\/v2\/posts\/4072\/revisions"}],"wp:attachment":[{"href":"https:\/\/willizblog.de\/index.php?rest_route=%2Fwp%2Fv2%2Fmedia&parent=4072"}],"wp:term":[{"taxonomy":"category","embeddable":true,"href":"https:\/\/willizblog.de\/index.php?rest_route=%2Fwp%2Fv2%2Fcategories&post=4072"},{"taxonomy":"post_tag","embeddable":true,"href":"https:\/\/willizblog.de\/index.php?rest_route=%2Fwp%2Fv2%2Ftags&post=4072"}],"curies":[{"name":"wp","href":"https:\/\/api.w.org\/{rel}","templated":true}]}}