{"id":408,"date":"2006-03-09T15:33:22","date_gmt":"2006-03-09T14:33:22","guid":{"rendered":"http:\/\/www.albinz.de\/blog\/?p=408"},"modified":"2006-03-09T08:34:52","modified_gmt":"2006-03-09T07:34:52","slug":"williz-gedankensplitter-3","status":"publish","type":"post","link":"https:\/\/willizblog.de\/?p=408","title":{"rendered":"WilliZ &#8218;Gedankensplitter\u2019 (3)"},"content":{"rendered":"<p><strong>Blick aus dem Fenster<\/strong><\/p>\n<p>Ich blicke aus dem Fenster, vor dem Haus steht ein gr\u00fcnes Kraftfahrzeug, Fabrikat: &#8230;. &#8211; Baujahr: unbekannt, ein reger blonder Kopf mit zwei seitlichen Z\u00f6pfen spricht zu einem Unsichtbaren, der Hinterkopf unterh\u00e4lt mich lautlos, nur ein Nicken, Seitw\u00e4rtsbiegen und Sch\u00fctteln, am Schulterzucken erkenne ich Sprache. Ich bin nicht gemeint, aber will mich angesprochen f\u00fchlen, ich lausche &#8211; genauer: beobachte.<\/p>\n<p>Es beginnt zu regnen. Dicke Tropfen kullern die Fensterscheibe hinab. Der blonde Zopfkopf verliert seine Aussage. Ich wende mich ab.<\/p>\n<p><strong>Neues Leben<\/strong><\/p>\n<p>Die Aschenbecher leeren, die Gl\u00e4ser sp\u00fclen, um ein neues Leben zu beginnen.<\/p>\n<p><strong>Das Unbedeutende<\/strong><\/p>\n<p>Kein Tag ist wie der andere, auch wenn es uns so vorkommt. Was die Tage so gleich erscheinen l\u00e4\u00dft, liegt in unserer Bewegungsunf\u00e4higkeit, sowohl im Geiste, als auch in unserer sinnlichen Wahrnehmung. Das Unbedeutende streift unser Gehirn, wir nehmen es nicht wahr. Aber gerade das ist es, was einen Tag vom anderen unterscheidet: das Unbedeutende.<\/p>\n","protected":false},"excerpt":{"rendered":"<p>Blick aus dem Fenster Ich blicke aus dem Fenster, vor dem Haus steht ein gr\u00fcnes Kraftfahrzeug, Fabrikat: &#8230;. &#8211; Baujahr: unbekannt, ein reger blonder Kopf mit zwei seitlichen Z\u00f6pfen spricht zu einem Unsichtbaren, der Hinterkopf unterh\u00e4lt mich lautlos, nur ein Nicken, Seitw\u00e4rtsbiegen und Sch\u00fctteln, am Schulterzucken erkenne ich Sprache. Ich bin nicht gemeint, aber will &hellip; <a href=\"https:\/\/willizblog.de\/?p=408\" class=\"more-link\"><span class=\"screen-reader-text\">WilliZ &#8218;Gedankensplitter\u2019 (3)<\/span> weiterlesen <span class=\"meta-nav\">&rarr;<\/span><\/a><\/p>\n","protected":false},"author":1,"featured_media":0,"comment_status":"closed","ping_status":"closed","sticky":false,"template":"","format":"standard","meta":[],"categories":[30],"tags":[],"_links":{"self":[{"href":"https:\/\/willizblog.de\/index.php?rest_route=\/wp\/v2\/posts\/408"}],"collection":[{"href":"https:\/\/willizblog.de\/index.php?rest_route=\/wp\/v2\/posts"}],"about":[{"href":"https:\/\/willizblog.de\/index.php?rest_route=\/wp\/v2\/types\/post"}],"author":[{"embeddable":true,"href":"https:\/\/willizblog.de\/index.php?rest_route=\/wp\/v2\/users\/1"}],"replies":[{"embeddable":true,"href":"https:\/\/willizblog.de\/index.php?rest_route=%2Fwp%2Fv2%2Fcomments&post=408"}],"version-history":[{"count":0,"href":"https:\/\/willizblog.de\/index.php?rest_route=\/wp\/v2\/posts\/408\/revisions"}],"wp:attachment":[{"href":"https:\/\/willizblog.de\/index.php?rest_route=%2Fwp%2Fv2%2Fmedia&parent=408"}],"wp:term":[{"taxonomy":"category","embeddable":true,"href":"https:\/\/willizblog.de\/index.php?rest_route=%2Fwp%2Fv2%2Fcategories&post=408"},{"taxonomy":"post_tag","embeddable":true,"href":"https:\/\/willizblog.de\/index.php?rest_route=%2Fwp%2Fv2%2Ftags&post=408"}],"curies":[{"name":"wp","href":"https:\/\/api.w.org\/{rel}","templated":true}]}}