{"id":41,"date":"2005-02-21T17:16:30","date_gmt":"2005-02-21T16:16:30","guid":{"rendered":"http:\/\/www.albinz.de\/blog\/?p=41"},"modified":"2005-10-20T11:48:53","modified_gmt":"2005-10-20T09:48:53","slug":"patt-in-kiel","status":"publish","type":"post","link":"https:\/\/willizblog.de\/?p=41","title":{"rendered":"Patt in Kiel"},"content":{"rendered":"<p>Zwar wird die CDU st\u00e4rkste Fraktion im Kieler Landtag sein; aber zusammen mit der FDP reicht es nicht f\u00fcr die Mehrheit. Z\u00fcnglein an der Waage ist der SSW (W\u00e4hlerverband der d\u00e4nischen Minderheit). Wie es aussieht, wird sich dieser f\u00fcr SPD\/Gr\u00fcne entscheiden und diese zumindest tolerieren. Dann sind CDU\/FDP &#8218;angearscht&#8216;.<\/p>\n<p>Obwohl die Aussichten f\u00fcr Heike Simonis ganz gut waren, ist das Wahlergebnis keine so gro\u00dfe \u00dcberraschung. Die SPD verliert an die CDU und durch viele Nichtw\u00e4hler. Auch die Wahlbeteiligung sinkt weiter von 69,5 % aus 2000 auf 67,5 %. Immerhin positiv: die NPD kommt auf gerade 1,9 % der Stimmen (immmer noch 1,9 % zu viel). V\u00f6llig verkalkt sind die Leute im hohen Norden dann doch nicht.<\/p>\n<p>Immer noch beeinflusst die Politik in Berlin den Ausgang von Landtagswahlen. Fischer und sein z\u00f6gerliches Verhalten zum Thema Visamissbrauch haben den Aufw\u00e4rtstrend bei den Gr\u00fcnen gestoppt. Aber: Die Leute begreifen nicht, dass es mit Merkel (oder Stoiber) und Westerwelle auch nicht besser wird.<\/p>\n<ul><img src=\"https:\/\/www.albinz.net\/models\/cdu_csu_fdp.jpg\" alt=\"Deutsche Politiker-Pappnasen\" \/><\/ul>\n<p>Und zur Politik auf Landesebene: Da h\u00e4tte ein Blick \u00fcber die Landesgrenze nach Niedersachsen gen\u00fcgt, um zu sehen, dass die CDU auch nicht nur mit Wasser, sondern mit faulem Wasser kocht. Allein die Schulreform dort ist den Namen nicht wert, sondern ein R\u00fcckschritt in die 60-er Jahre des vorigen Jahrhunderts &#8211; Pisa zum Trotz!<\/p>\n","protected":false},"excerpt":{"rendered":"<p>Zwar wird die CDU st\u00e4rkste Fraktion im Kieler Landtag sein; aber zusammen mit der FDP reicht es nicht f\u00fcr die Mehrheit. Z\u00fcnglein an der Waage ist der SSW (W\u00e4hlerverband der d\u00e4nischen Minderheit). Wie es aussieht, wird sich dieser f\u00fcr SPD\/Gr\u00fcne entscheiden und diese zumindest tolerieren. Dann sind CDU\/FDP &#8218;angearscht&#8216;. Obwohl die Aussichten f\u00fcr Heike Simonis &hellip; <a href=\"https:\/\/willizblog.de\/?p=41\" class=\"more-link\"><span class=\"screen-reader-text\">Patt in Kiel<\/span> weiterlesen <span class=\"meta-nav\">&rarr;<\/span><\/a><\/p>\n","protected":false},"author":1,"featured_media":0,"comment_status":"closed","ping_status":"closed","sticky":false,"template":"","format":"standard","meta":[],"categories":[12,2],"tags":[],"_links":{"self":[{"href":"https:\/\/willizblog.de\/index.php?rest_route=\/wp\/v2\/posts\/41"}],"collection":[{"href":"https:\/\/willizblog.de\/index.php?rest_route=\/wp\/v2\/posts"}],"about":[{"href":"https:\/\/willizblog.de\/index.php?rest_route=\/wp\/v2\/types\/post"}],"author":[{"embeddable":true,"href":"https:\/\/willizblog.de\/index.php?rest_route=\/wp\/v2\/users\/1"}],"replies":[{"embeddable":true,"href":"https:\/\/willizblog.de\/index.php?rest_route=%2Fwp%2Fv2%2Fcomments&post=41"}],"version-history":[{"count":0,"href":"https:\/\/willizblog.de\/index.php?rest_route=\/wp\/v2\/posts\/41\/revisions"}],"wp:attachment":[{"href":"https:\/\/willizblog.de\/index.php?rest_route=%2Fwp%2Fv2%2Fmedia&parent=41"}],"wp:term":[{"taxonomy":"category","embeddable":true,"href":"https:\/\/willizblog.de\/index.php?rest_route=%2Fwp%2Fv2%2Fcategories&post=41"},{"taxonomy":"post_tag","embeddable":true,"href":"https:\/\/willizblog.de\/index.php?rest_route=%2Fwp%2Fv2%2Ftags&post=41"}],"curies":[{"name":"wp","href":"https:\/\/api.w.org\/{rel}","templated":true}]}}